{"id":506,"date":"2019-03-30T15:25:27","date_gmt":"2019-03-30T14:25:27","guid":{"rendered":"http:\/\/polinno.art\/?p=506"},"modified":"2019-09-10T16:47:58","modified_gmt":"2019-09-10T14:47:58","slug":"action-de-prefiguration5-2019-residence-artistique-autour-de-la-creation-decrins","status":"publish","type":"post","link":"https:\/\/polinno.art\/index.php\/2019\/03\/30\/action-de-prefiguration5-2019-residence-artistique-autour-de-la-creation-decrins\/","title":{"rendered":"Action de pr\u00e9figuration#5 (2019) : R\u00e9sidence artistique autour de la cr\u00e9ation d&rsquo;\u00e9crins."},"content":{"rendered":"\n<p><strong>Le  25 et 26 mars 2019, 8 professionnelles des m\u00e9tiers d&rsquo;art ont  particip\u00e9 \u00e0  une r\u00e9sidence, \u00e0 P\u00e9pit&rsquo;art, pour&nbsp;fabriquer, \u00e0 l&rsquo;aide&nbsp;de  machines \u00e0  commande num\u00e9rique,&nbsp;des \u00e9crins sur mesure pour leurs \u0153uvres  d&rsquo;art.<\/strong><\/p>\n\n\n\n<figure class=\"wp-block-image is-resized\"><img loading=\"lazy\" decoding=\"async\" data-attachment-id=\"1634\" data-permalink=\"https:\/\/polinno.art\/index.php\/2019\/03\/30\/action-de-prefiguration5-2019-residence-artistique-autour-de-la-creation-decrins\/pf_l6212-1\/\" data-orig-file=\"https:\/\/i0.wp.com\/polinno.art\/wp-content\/uploads\/2019\/09\/PF_L6212-1.jpg?fit=3456%2C5184&amp;ssl=1\" data-orig-size=\"3456,5184\" data-comments-opened=\"0\" data-image-meta=\"{&quot;aperture&quot;:&quot;0&quot;,&quot;credit&quot;:&quot;&quot;,&quot;camera&quot;:&quot;&quot;,&quot;caption&quot;:&quot;&quot;,&quot;created_timestamp&quot;:&quot;0&quot;,&quot;copyright&quot;:&quot;&quot;,&quot;focal_length&quot;:&quot;0&quot;,&quot;iso&quot;:&quot;0&quot;,&quot;shutter_speed&quot;:&quot;0&quot;,&quot;title&quot;:&quot;&quot;,&quot;orientation&quot;:&quot;1&quot;}\" data-image-title=\"PF_L6212-1\" data-image-description=\"\" data-image-caption=\"\" data-large-file=\"https:\/\/i0.wp.com\/polinno.art\/wp-content\/uploads\/2019\/09\/PF_L6212-1.jpg?fit=525%2C787&amp;ssl=1\" src=\"https:\/\/i0.wp.com\/polinno.art\/wp-content\/uploads\/2019\/09\/PF_L6212-1.jpg?fit=525%2C787\" alt=\"\" class=\"wp-image-1634\" width=\"394\" height=\"590\" srcset=\"https:\/\/i0.wp.com\/polinno.art\/wp-content\/uploads\/2019\/09\/PF_L6212-1.jpg?w=3456&amp;ssl=1 3456w, https:\/\/i0.wp.com\/polinno.art\/wp-content\/uploads\/2019\/09\/PF_L6212-1.jpg?resize=200%2C300&amp;ssl=1 200w, https:\/\/i0.wp.com\/polinno.art\/wp-content\/uploads\/2019\/09\/PF_L6212-1.jpg?resize=768%2C1152&amp;ssl=1 768w, https:\/\/i0.wp.com\/polinno.art\/wp-content\/uploads\/2019\/09\/PF_L6212-1.jpg?resize=683%2C1024&amp;ssl=1 683w, https:\/\/i0.wp.com\/polinno.art\/wp-content\/uploads\/2019\/09\/PF_L6212-1.jpg?w=1050&amp;ssl=1 1050w, https:\/\/i0.wp.com\/polinno.art\/wp-content\/uploads\/2019\/09\/PF_L6212-1.jpg?w=1575&amp;ssl=1 1575w\" sizes=\"auto, (max-width: 394px) 100vw, 394px\" \/><\/figure>\n\n\n\n<p>L&rsquo;\u00e9crin   est l&rsquo;alli\u00e9 de l&rsquo;objet d&rsquo;art : discret, il le sublime, le prot\u00e8ge et   favorise la surprise de celui qui le re\u00e7oit. Pour remplir ces subtiles   fonctions, l&rsquo;\u00e9crin n\u00e9cessite une facture sur mesure, car par essence les   professionnels des m\u00e9tiers d&rsquo;art r\u00e9alisent des pi\u00e8ces uniques ou en   petites s\u00e9ries.<br><\/p>\n\n\n\n<p>Loin   des standards de l&#8217;emballage industriel, P\u00e9pit&rsquo;art a propos\u00e9 \u00e0 des   artistes et artisans ard\u00e9chois de cr\u00e9er des \u00e9crins au sein du Fab&rsquo;Lab de  P\u00e9pit&rsquo;art. Fraiseuse num\u00e9rique, graveuse laser ou encore imprimante 3D   ont permis de passer du dessin \u00e0 la fabrication de formes adapt\u00e9es aux   volumes, fragilit\u00e9 et esth\u00e9tique des \u0153uvres.&nbsp;<br><br>L&rsquo;objectif   de cette r\u00e9sidence avait pour but d&rsquo;apprendre aux professionnelles des   m\u00e9tiers d&rsquo;art \u00e0 utiliser les machines num\u00e9riques pour les aider dans   leurs cr\u00e9ations. Durant 2 jours elles ont pu&nbsp;\u00eatre accompagn\u00e9es par le fabmanager du Polinno, Florian Rubatat.<br><br>A   l&rsquo;issue de cette r\u00e9sidence, elles ont pu exposer, durant les journ\u00e9es   europ\u00e9ennes des m\u00e9tiers d&rsquo;art, les 6 et 7 avril, le fruit de leurs   travail.<\/p>\n\n\n\n<figure class=\"wp-block-image\"><img loading=\"lazy\" decoding=\"async\" width=\"4000\" height=\"2248\" data-attachment-id=\"1636\" data-permalink=\"https:\/\/polinno.art\/index.php\/2019\/03\/30\/action-de-prefiguration5-2019-residence-artistique-autour-de-la-creation-decrins\/p1080654\/\" data-orig-file=\"https:\/\/i0.wp.com\/polinno.art\/wp-content\/uploads\/2019\/09\/P1080654.jpg?fit=4000%2C2248&amp;ssl=1\" data-orig-size=\"4000,2248\" data-comments-opened=\"0\" data-image-meta=\"{&quot;aperture&quot;:&quot;4&quot;,&quot;credit&quot;:&quot;&quot;,&quot;camera&quot;:&quot;DMC-FZ200&quot;,&quot;caption&quot;:&quot;&quot;,&quot;created_timestamp&quot;:&quot;1553616312&quot;,&quot;copyright&quot;:&quot;&quot;,&quot;focal_length&quot;:&quot;4.5&quot;,&quot;iso&quot;:&quot;160&quot;,&quot;shutter_speed&quot;:&quot;0.003125&quot;,&quot;title&quot;:&quot;&quot;,&quot;orientation&quot;:&quot;1&quot;}\" data-image-title=\"P1080654\" data-image-description=\"\" data-image-caption=\"\" data-large-file=\"https:\/\/i0.wp.com\/polinno.art\/wp-content\/uploads\/2019\/09\/P1080654.jpg?fit=525%2C295&amp;ssl=1\" src=\"https:\/\/i1.wp.com\/polinno.art\/wp-content\/uploads\/2019\/09\/P1080654.jpg?fit=525%2C295\" alt=\"\" class=\"wp-image-1636\" srcset=\"https:\/\/i0.wp.com\/polinno.art\/wp-content\/uploads\/2019\/09\/P1080654.jpg?w=4000&amp;ssl=1 4000w, https:\/\/i0.wp.com\/polinno.art\/wp-content\/uploads\/2019\/09\/P1080654.jpg?resize=300%2C169&amp;ssl=1 300w, https:\/\/i0.wp.com\/polinno.art\/wp-content\/uploads\/2019\/09\/P1080654.jpg?resize=768%2C432&amp;ssl=1 768w, https:\/\/i0.wp.com\/polinno.art\/wp-content\/uploads\/2019\/09\/P1080654.jpg?resize=1024%2C575&amp;ssl=1 1024w, https:\/\/i0.wp.com\/polinno.art\/wp-content\/uploads\/2019\/09\/P1080654.jpg?w=1575&amp;ssl=1 1575w\" sizes=\"auto, (max-width: 706px) 89vw, (max-width: 767px) 82vw, 740px\" \/><\/figure>\n\n\n\n<p>Avec :<br>\u00b7&nbsp;&nbsp;&nbsp;&nbsp;&nbsp;&nbsp;&nbsp;&nbsp; <a href=\"https:\/\/www.tifanyauzanneau.com\/\">Tiffany Auzanneau<\/a>, designer textile, Vernon<br>\u00b7&nbsp;&nbsp;&nbsp;&nbsp;&nbsp;&nbsp;&nbsp;&nbsp; <a rel=\"noreferrer noopener\" href=\"http:\/\/fannymariette.com\/\" target=\"_blank\">Fanny Mariette<\/a>, c\u00e9ramiste, Antra\u00efgues<br>\u00b7&nbsp;&nbsp;&nbsp;&nbsp;&nbsp;&nbsp;&nbsp;&nbsp; <a rel=\"noreferrer noopener\" href=\"http:\/\/charlinemeyerceramique.fr\/\" target=\"_blank\">Charline Meyer<\/a>, c\u00e9ramiste, Saint-Andr\u00e9-Lachamp<br>\u00b7&nbsp;&nbsp;&nbsp;&nbsp;&nbsp;&nbsp;&nbsp;&nbsp; <a rel=\"noreferrer noopener\" href=\"http:\/\/etsy.com\/fr\/shop\/TotemEtLubies\" target=\"_blank\">Vanessa Paris<\/a>, s\u00e9rigraphe, Grospierres<br>\u00b7&nbsp;&nbsp;&nbsp;&nbsp;&nbsp;&nbsp;&nbsp;&nbsp; <a href=\"http:\/\/www.atelierarchelle.fr\/\">Emilie Rouillon<\/a>, vanni\u00e8re, Sarras<br>\u00b7&nbsp;&nbsp;&nbsp;&nbsp;&nbsp;&nbsp;&nbsp;&nbsp; <a rel=\"noreferrer noopener\" href=\"http:\/\/trajectoiresmetiersdart.com\/adherents\/peinture\/rachel-heide\" target=\"_blank\">Rachel Heide Rose<\/a>, plasticienne, Vinezac<br>\u00b7&nbsp;&nbsp;&nbsp;&nbsp;&nbsp;&nbsp;&nbsp;&nbsp; <a rel=\"noreferrer noopener\" href=\"http:\/\/trajectoiresmetiersdart.com\/adherents\/ceramique\/anne-lise-roussy\" target=\"_blank\">Anne-Lise Roussy,<\/a>&nbsp;c\u00e9ramiste, Saint-Rem\u00e8ze<br>\u00b7&nbsp;&nbsp;&nbsp;&nbsp;&nbsp;&nbsp;&nbsp;&nbsp; <a rel=\"noreferrer noopener\" href=\"http:\/\/trajectoiresmetiersdart.com\/adherents\/ceramique\/quasart-ceramic\" target=\"_blank\">Sandro Lafay-Sardano<\/a>, c\u00e9ramiste, Saint-Andr\u00e9-de-Cruzi\u00e8res <\/p>\n","protected":false},"excerpt":{"rendered":"<p>Le 25 et 26 mars 2019, 8 professionnelles des m\u00e9tiers d&rsquo;art ont particip\u00e9 \u00e0 une r\u00e9sidence, \u00e0 P\u00e9pit&rsquo;art, pour&nbsp;fabriquer, \u00e0 l&rsquo;aide&nbsp;de machines \u00e0 commande num\u00e9rique,&nbsp;des \u00e9crins sur mesure pour leurs &hellip; <\/p>\n<p class=\"link-more\"><a href=\"https:\/\/polinno.art\/index.php\/2019\/03\/30\/action-de-prefiguration5-2019-residence-artistique-autour-de-la-creation-decrins\/\" class=\"more-link\">Continuer la lecture<span class=\"screen-reader-text\"> de &laquo;&nbsp;Action de pr\u00e9figuration#5 (2019) : R\u00e9sidence artistique autour de la cr\u00e9ation d&rsquo;\u00e9crins.&nbsp;&raquo;<\/span><\/a><\/p>\n","protected":false},"author":3,"featured_media":0,"comment_status":"open","ping_status":"open","sticky":false,"template":"","format":"standard","meta":{"_jetpack_memberships_contains_paid_content":false,"footnotes":""},"categories":[14,59,58,60],"tags":[9,52,54],"class_list":["post-506","post","type-post","status-publish","format-standard","hentry","category-test","category-actualites-fablab-polinno","category-actualites-pepitart-polinno","category-actualites-polinno","tag-art","tag-pepitart","tag-polinno"],"yoast_head":"<!-- This site is optimized with the Yoast SEO plugin v27.5 - https:\/\/yoast.com\/product\/yoast-seo-wordpress\/ -->\n<title>Action de pr\u00e9figuration#5 (2019) : R\u00e9sidence artistique autour de la cr\u00e9ation d&#039;\u00e9crins. - Polinno<\/title>\n<meta name=\"robots\" content=\"index, follow, max-snippet:-1, max-image-preview:large, max-video-preview:-1\" \/>\n<link rel=\"canonical\" href=\"https:\/\/polinno.art\/index.php\/2019\/03\/30\/action-de-prefiguration5-2019-residence-artistique-autour-de-la-creation-decrins\/\" \/>\n<meta property=\"og:locale\" content=\"fr_FR\" \/>\n<meta property=\"og:type\" content=\"article\" \/>\n<meta property=\"og:title\" content=\"Action de pr\u00e9figuration#5 (2019) : R\u00e9sidence artistique autour de la cr\u00e9ation d&#039;\u00e9crins. - Polinno\" \/>\n<meta property=\"og:description\" content=\"Le 25 et 26 mars 2019, 8 professionnelles des m\u00e9tiers d&rsquo;art ont particip\u00e9 \u00e0 une r\u00e9sidence, \u00e0 P\u00e9pit&rsquo;art, pour&nbsp;fabriquer, \u00e0 l&rsquo;aide&nbsp;de machines \u00e0 commande num\u00e9rique,&nbsp;des \u00e9crins sur mesure pour leurs &hellip; Continuer la lecture de &laquo;&nbsp;Action de pr\u00e9figuration#5 (2019) : R\u00e9sidence artistique autour de la cr\u00e9ation d&rsquo;\u00e9crins.&nbsp;&raquo;\" \/>\n<meta property=\"og:url\" content=\"https:\/\/polinno.art\/index.php\/2019\/03\/30\/action-de-prefiguration5-2019-residence-artistique-autour-de-la-creation-decrins\/\" \/>\n<meta property=\"og:site_name\" content=\"Polinno\" \/>\n<meta property=\"article:published_time\" content=\"2019-03-30T14:25:27+00:00\" \/>\n<meta property=\"article:modified_time\" content=\"2019-09-10T14:47:58+00:00\" \/>\n<meta property=\"og:image\" content=\"https:\/\/i0.wp.com\/polinno.art\/wp-content\/uploads\/2019\/09\/PF_L6212-1.jpg?fit=525%2C787\" \/>\n<meta name=\"author\" content=\"Florian RUBATAT\" \/>\n<meta name=\"twitter:card\" content=\"summary_large_image\" \/>\n<meta name=\"twitter:label1\" content=\"\u00c9crit par\" \/>\n\t<meta name=\"twitter:data1\" content=\"Florian RUBATAT\" \/>\n\t<meta name=\"twitter:label2\" content=\"Dur\u00e9e de lecture estim\u00e9e\" \/>\n\t<meta name=\"twitter:data2\" content=\"2 minutes\" \/>\n<script type=\"application\/ld+json\" class=\"yoast-schema-graph\">{\"@context\":\"https:\\\/\\\/schema.org\",\"@graph\":[{\"@type\":\"Article\",\"@id\":\"https:\\\/\\\/polinno.art\\\/index.php\\\/2019\\\/03\\\/30\\\/action-de-prefiguration5-2019-residence-artistique-autour-de-la-creation-decrins\\\/#article\",\"isPartOf\":{\"@id\":\"https:\\\/\\\/polinno.art\\\/index.php\\\/2019\\\/03\\\/30\\\/action-de-prefiguration5-2019-residence-artistique-autour-de-la-creation-decrins\\\/\"},\"author\":{\"name\":\"Florian RUBATAT\",\"@id\":\"https:\\\/\\\/polinno.art\\\/#\\\/schema\\\/person\\\/e4885b90b0ecdc22c72e85344d682e77\"},\"headline\":\"Action de pr\u00e9figuration#5 (2019) : R\u00e9sidence artistique autour de la cr\u00e9ation d&rsquo;\u00e9crins.\",\"datePublished\":\"2019-03-30T14:25:27+00:00\",\"dateModified\":\"2019-09-10T14:47:58+00:00\",\"mainEntityOfPage\":{\"@id\":\"https:\\\/\\\/polinno.art\\\/index.php\\\/2019\\\/03\\\/30\\\/action-de-prefiguration5-2019-residence-artistique-autour-de-la-creation-decrins\\\/\"},\"wordCount\":362,\"commentCount\":0,\"publisher\":{\"@id\":\"https:\\\/\\\/polinno.art\\\/#organization\"},\"image\":{\"@id\":\"https:\\\/\\\/polinno.art\\\/index.php\\\/2019\\\/03\\\/30\\\/action-de-prefiguration5-2019-residence-artistique-autour-de-la-creation-decrins\\\/#primaryimage\"},\"thumbnailUrl\":\"https:\\\/\\\/i0.wp.com\\\/polinno.art\\\/wp-content\\\/uploads\\\/2019\\\/09\\\/PF_L6212-1.jpg?fit=525%2C787\",\"keywords\":[\"art\",\"P\u00e9pit&#039;art\",\"polinno\"],\"articleSection\":[\"Actualit\u00e9s\",\"Actualit\u00e9s Fablab - Polinno\",\"Actualit\u00e9s P\u00e9pit'art - Polinno\",\"Actualit\u00e9s Polinno\"],\"inLanguage\":\"fr-FR\",\"potentialAction\":[{\"@type\":\"CommentAction\",\"name\":\"Comment\",\"target\":[\"https:\\\/\\\/polinno.art\\\/index.php\\\/2019\\\/03\\\/30\\\/action-de-prefiguration5-2019-residence-artistique-autour-de-la-creation-decrins\\\/#respond\"]}]},{\"@type\":\"WebPage\",\"@id\":\"https:\\\/\\\/polinno.art\\\/index.php\\\/2019\\\/03\\\/30\\\/action-de-prefiguration5-2019-residence-artistique-autour-de-la-creation-decrins\\\/\",\"url\":\"https:\\\/\\\/polinno.art\\\/index.php\\\/2019\\\/03\\\/30\\\/action-de-prefiguration5-2019-residence-artistique-autour-de-la-creation-decrins\\\/\",\"name\":\"Action de pr\u00e9figuration#5 (2019) : R\u00e9sidence artistique autour de la cr\u00e9ation d'\u00e9crins. - Polinno\",\"isPartOf\":{\"@id\":\"https:\\\/\\\/polinno.art\\\/#website\"},\"primaryImageOfPage\":{\"@id\":\"https:\\\/\\\/polinno.art\\\/index.php\\\/2019\\\/03\\\/30\\\/action-de-prefiguration5-2019-residence-artistique-autour-de-la-creation-decrins\\\/#primaryimage\"},\"image\":{\"@id\":\"https:\\\/\\\/polinno.art\\\/index.php\\\/2019\\\/03\\\/30\\\/action-de-prefiguration5-2019-residence-artistique-autour-de-la-creation-decrins\\\/#primaryimage\"},\"thumbnailUrl\":\"https:\\\/\\\/i0.wp.com\\\/polinno.art\\\/wp-content\\\/uploads\\\/2019\\\/09\\\/PF_L6212-1.jpg?fit=525%2C787\",\"datePublished\":\"2019-03-30T14:25:27+00:00\",\"dateModified\":\"2019-09-10T14:47:58+00:00\",\"breadcrumb\":{\"@id\":\"https:\\\/\\\/polinno.art\\\/index.php\\\/2019\\\/03\\\/30\\\/action-de-prefiguration5-2019-residence-artistique-autour-de-la-creation-decrins\\\/#breadcrumb\"},\"inLanguage\":\"fr-FR\",\"potentialAction\":[{\"@type\":\"ReadAction\",\"target\":[\"https:\\\/\\\/polinno.art\\\/index.php\\\/2019\\\/03\\\/30\\\/action-de-prefiguration5-2019-residence-artistique-autour-de-la-creation-decrins\\\/\"]}]},{\"@type\":\"ImageObject\",\"inLanguage\":\"fr-FR\",\"@id\":\"https:\\\/\\\/polinno.art\\\/index.php\\\/2019\\\/03\\\/30\\\/action-de-prefiguration5-2019-residence-artistique-autour-de-la-creation-decrins\\\/#primaryimage\",\"url\":\"https:\\\/\\\/i0.wp.com\\\/polinno.art\\\/wp-content\\\/uploads\\\/2019\\\/09\\\/PF_L6212-1.jpg?fit=525%2C787\",\"contentUrl\":\"https:\\\/\\\/i0.wp.com\\\/polinno.art\\\/wp-content\\\/uploads\\\/2019\\\/09\\\/PF_L6212-1.jpg?fit=525%2C787\"},{\"@type\":\"BreadcrumbList\",\"@id\":\"https:\\\/\\\/polinno.art\\\/index.php\\\/2019\\\/03\\\/30\\\/action-de-prefiguration5-2019-residence-artistique-autour-de-la-creation-decrins\\\/#breadcrumb\",\"itemListElement\":[{\"@type\":\"ListItem\",\"position\":1,\"name\":\"Accueil\",\"item\":\"https:\\\/\\\/polinno.art\\\/\"},{\"@type\":\"ListItem\",\"position\":2,\"name\":\"Action de pr\u00e9figuration#5 (2019) : R\u00e9sidence artistique autour de la cr\u00e9ation d&rsquo;\u00e9crins.\"}]},{\"@type\":\"WebSite\",\"@id\":\"https:\\\/\\\/polinno.art\\\/#website\",\"url\":\"https:\\\/\\\/polinno.art\\\/\",\"name\":\"polinno.art\",\"description\":\"P\u00f4le d&#039;innovation des m\u00e9tiers d&#039;art\",\"publisher\":{\"@id\":\"https:\\\/\\\/polinno.art\\\/#organization\"},\"potentialAction\":[{\"@type\":\"SearchAction\",\"target\":{\"@type\":\"EntryPoint\",\"urlTemplate\":\"https:\\\/\\\/polinno.art\\\/?s={search_term_string}\"},\"query-input\":{\"@type\":\"PropertyValueSpecification\",\"valueRequired\":true,\"valueName\":\"search_term_string\"}}],\"inLanguage\":\"fr-FR\"},{\"@type\":\"Organization\",\"@id\":\"https:\\\/\\\/polinno.art\\\/#organization\",\"name\":\"polinno.art\",\"url\":\"https:\\\/\\\/polinno.art\\\/\",\"logo\":{\"@type\":\"ImageObject\",\"inLanguage\":\"fr-FR\",\"@id\":\"https:\\\/\\\/polinno.art\\\/#\\\/schema\\\/logo\\\/image\\\/\",\"url\":\"https:\\\/\\\/i0.wp.com\\\/polinno.art\\\/wp-content\\\/uploads\\\/2019\\\/07\\\/polinno_logo.png?fit=442%2C482\",\"contentUrl\":\"https:\\\/\\\/i0.wp.com\\\/polinno.art\\\/wp-content\\\/uploads\\\/2019\\\/07\\\/polinno_logo.png?fit=442%2C482\",\"width\":442,\"height\":482,\"caption\":\"polinno.art\"},\"image\":{\"@id\":\"https:\\\/\\\/polinno.art\\\/#\\\/schema\\\/logo\\\/image\\\/\"}},{\"@type\":\"Person\",\"@id\":\"https:\\\/\\\/polinno.art\\\/#\\\/schema\\\/person\\\/e4885b90b0ecdc22c72e85344d682e77\",\"name\":\"Florian RUBATAT\",\"image\":{\"@type\":\"ImageObject\",\"inLanguage\":\"fr-FR\",\"@id\":\"https:\\\/\\\/secure.gravatar.com\\\/avatar\\\/34682044b131d895d2fbb95b39eb51772746f3f9984ccbb31dbb97abeb06f0ee?s=96&d=mm&r=g\",\"url\":\"https:\\\/\\\/secure.gravatar.com\\\/avatar\\\/34682044b131d895d2fbb95b39eb51772746f3f9984ccbb31dbb97abeb06f0ee?s=96&d=mm&r=g\",\"contentUrl\":\"https:\\\/\\\/secure.gravatar.com\\\/avatar\\\/34682044b131d895d2fbb95b39eb51772746f3f9984ccbb31dbb97abeb06f0ee?s=96&d=mm&r=g\",\"caption\":\"Florian RUBATAT\"},\"sameAs\":[\"http:\\\/\\\/microflolab.com\"],\"url\":\"https:\\\/\\\/polinno.art\\\/index.php\\\/author\\\/flo\\\/\"}]}<\/script>\n<!-- \/ Yoast SEO plugin. -->","yoast_head_json":{"title":"Action de pr\u00e9figuration#5 (2019) : R\u00e9sidence artistique autour de la cr\u00e9ation d'\u00e9crins. - Polinno","robots":{"index":"index","follow":"follow","max-snippet":"max-snippet:-1","max-image-preview":"max-image-preview:large","max-video-preview":"max-video-preview:-1"},"canonical":"https:\/\/polinno.art\/index.php\/2019\/03\/30\/action-de-prefiguration5-2019-residence-artistique-autour-de-la-creation-decrins\/","og_locale":"fr_FR","og_type":"article","og_title":"Action de pr\u00e9figuration#5 (2019) : R\u00e9sidence artistique autour de la cr\u00e9ation d'\u00e9crins. - Polinno","og_description":"Le 25 et 26 mars 2019, 8 professionnelles des m\u00e9tiers d&rsquo;art ont particip\u00e9 \u00e0 une r\u00e9sidence, \u00e0 P\u00e9pit&rsquo;art, pour&nbsp;fabriquer, \u00e0 l&rsquo;aide&nbsp;de machines \u00e0 commande num\u00e9rique,&nbsp;des \u00e9crins sur mesure pour leurs &hellip; Continuer la lecture de &laquo;&nbsp;Action de pr\u00e9figuration#5 (2019) : R\u00e9sidence artistique autour de la cr\u00e9ation d&rsquo;\u00e9crins.&nbsp;&raquo;","og_url":"https:\/\/polinno.art\/index.php\/2019\/03\/30\/action-de-prefiguration5-2019-residence-artistique-autour-de-la-creation-decrins\/","og_site_name":"Polinno","article_published_time":"2019-03-30T14:25:27+00:00","article_modified_time":"2019-09-10T14:47:58+00:00","og_image":[{"url":"https:\/\/i0.wp.com\/polinno.art\/wp-content\/uploads\/2019\/09\/PF_L6212-1.jpg?fit=525%2C787","type":"","width":"","height":""}],"author":"Florian RUBATAT","twitter_card":"summary_large_image","twitter_misc":{"\u00c9crit par":"Florian RUBATAT","Dur\u00e9e de lecture estim\u00e9e":"2 minutes"},"schema":{"@context":"https:\/\/schema.org","@graph":[{"@type":"Article","@id":"https:\/\/polinno.art\/index.php\/2019\/03\/30\/action-de-prefiguration5-2019-residence-artistique-autour-de-la-creation-decrins\/#article","isPartOf":{"@id":"https:\/\/polinno.art\/index.php\/2019\/03\/30\/action-de-prefiguration5-2019-residence-artistique-autour-de-la-creation-decrins\/"},"author":{"name":"Florian RUBATAT","@id":"https:\/\/polinno.art\/#\/schema\/person\/e4885b90b0ecdc22c72e85344d682e77"},"headline":"Action de pr\u00e9figuration#5 (2019) : R\u00e9sidence artistique autour de la cr\u00e9ation d&rsquo;\u00e9crins.","datePublished":"2019-03-30T14:25:27+00:00","dateModified":"2019-09-10T14:47:58+00:00","mainEntityOfPage":{"@id":"https:\/\/polinno.art\/index.php\/2019\/03\/30\/action-de-prefiguration5-2019-residence-artistique-autour-de-la-creation-decrins\/"},"wordCount":362,"commentCount":0,"publisher":{"@id":"https:\/\/polinno.art\/#organization"},"image":{"@id":"https:\/\/polinno.art\/index.php\/2019\/03\/30\/action-de-prefiguration5-2019-residence-artistique-autour-de-la-creation-decrins\/#primaryimage"},"thumbnailUrl":"https:\/\/i0.wp.com\/polinno.art\/wp-content\/uploads\/2019\/09\/PF_L6212-1.jpg?fit=525%2C787","keywords":["art","P\u00e9pit&#039;art","polinno"],"articleSection":["Actualit\u00e9s","Actualit\u00e9s Fablab - Polinno","Actualit\u00e9s P\u00e9pit'art - Polinno","Actualit\u00e9s Polinno"],"inLanguage":"fr-FR","potentialAction":[{"@type":"CommentAction","name":"Comment","target":["https:\/\/polinno.art\/index.php\/2019\/03\/30\/action-de-prefiguration5-2019-residence-artistique-autour-de-la-creation-decrins\/#respond"]}]},{"@type":"WebPage","@id":"https:\/\/polinno.art\/index.php\/2019\/03\/30\/action-de-prefiguration5-2019-residence-artistique-autour-de-la-creation-decrins\/","url":"https:\/\/polinno.art\/index.php\/2019\/03\/30\/action-de-prefiguration5-2019-residence-artistique-autour-de-la-creation-decrins\/","name":"Action de pr\u00e9figuration#5 (2019) : R\u00e9sidence artistique autour de la cr\u00e9ation d'\u00e9crins. - Polinno","isPartOf":{"@id":"https:\/\/polinno.art\/#website"},"primaryImageOfPage":{"@id":"https:\/\/polinno.art\/index.php\/2019\/03\/30\/action-de-prefiguration5-2019-residence-artistique-autour-de-la-creation-decrins\/#primaryimage"},"image":{"@id":"https:\/\/polinno.art\/index.php\/2019\/03\/30\/action-de-prefiguration5-2019-residence-artistique-autour-de-la-creation-decrins\/#primaryimage"},"thumbnailUrl":"https:\/\/i0.wp.com\/polinno.art\/wp-content\/uploads\/2019\/09\/PF_L6212-1.jpg?fit=525%2C787","datePublished":"2019-03-30T14:25:27+00:00","dateModified":"2019-09-10T14:47:58+00:00","breadcrumb":{"@id":"https:\/\/polinno.art\/index.php\/2019\/03\/30\/action-de-prefiguration5-2019-residence-artistique-autour-de-la-creation-decrins\/#breadcrumb"},"inLanguage":"fr-FR","potentialAction":[{"@type":"ReadAction","target":["https:\/\/polinno.art\/index.php\/2019\/03\/30\/action-de-prefiguration5-2019-residence-artistique-autour-de-la-creation-decrins\/"]}]},{"@type":"ImageObject","inLanguage":"fr-FR","@id":"https:\/\/polinno.art\/index.php\/2019\/03\/30\/action-de-prefiguration5-2019-residence-artistique-autour-de-la-creation-decrins\/#primaryimage","url":"https:\/\/i0.wp.com\/polinno.art\/wp-content\/uploads\/2019\/09\/PF_L6212-1.jpg?fit=525%2C787","contentUrl":"https:\/\/i0.wp.com\/polinno.art\/wp-content\/uploads\/2019\/09\/PF_L6212-1.jpg?fit=525%2C787"},{"@type":"BreadcrumbList","@id":"https:\/\/polinno.art\/index.php\/2019\/03\/30\/action-de-prefiguration5-2019-residence-artistique-autour-de-la-creation-decrins\/#breadcrumb","itemListElement":[{"@type":"ListItem","position":1,"name":"Accueil","item":"https:\/\/polinno.art\/"},{"@type":"ListItem","position":2,"name":"Action de pr\u00e9figuration#5 (2019) : R\u00e9sidence artistique autour de la cr\u00e9ation d&rsquo;\u00e9crins."}]},{"@type":"WebSite","@id":"https:\/\/polinno.art\/#website","url":"https:\/\/polinno.art\/","name":"polinno.art","description":"P\u00f4le d&#039;innovation des m\u00e9tiers d&#039;art","publisher":{"@id":"https:\/\/polinno.art\/#organization"},"potentialAction":[{"@type":"SearchAction","target":{"@type":"EntryPoint","urlTemplate":"https:\/\/polinno.art\/?s={search_term_string}"},"query-input":{"@type":"PropertyValueSpecification","valueRequired":true,"valueName":"search_term_string"}}],"inLanguage":"fr-FR"},{"@type":"Organization","@id":"https:\/\/polinno.art\/#organization","name":"polinno.art","url":"https:\/\/polinno.art\/","logo":{"@type":"ImageObject","inLanguage":"fr-FR","@id":"https:\/\/polinno.art\/#\/schema\/logo\/image\/","url":"https:\/\/i0.wp.com\/polinno.art\/wp-content\/uploads\/2019\/07\/polinno_logo.png?fit=442%2C482","contentUrl":"https:\/\/i0.wp.com\/polinno.art\/wp-content\/uploads\/2019\/07\/polinno_logo.png?fit=442%2C482","width":442,"height":482,"caption":"polinno.art"},"image":{"@id":"https:\/\/polinno.art\/#\/schema\/logo\/image\/"}},{"@type":"Person","@id":"https:\/\/polinno.art\/#\/schema\/person\/e4885b90b0ecdc22c72e85344d682e77","name":"Florian RUBATAT","image":{"@type":"ImageObject","inLanguage":"fr-FR","@id":"https:\/\/secure.gravatar.com\/avatar\/34682044b131d895d2fbb95b39eb51772746f3f9984ccbb31dbb97abeb06f0ee?s=96&d=mm&r=g","url":"https:\/\/secure.gravatar.com\/avatar\/34682044b131d895d2fbb95b39eb51772746f3f9984ccbb31dbb97abeb06f0ee?s=96&d=mm&r=g","contentUrl":"https:\/\/secure.gravatar.com\/avatar\/34682044b131d895d2fbb95b39eb51772746f3f9984ccbb31dbb97abeb06f0ee?s=96&d=mm&r=g","caption":"Florian RUBATAT"},"sameAs":["http:\/\/microflolab.com"],"url":"https:\/\/polinno.art\/index.php\/author\/flo\/"}]}},"jetpack_featured_media_url":"","jetpack_sharing_enabled":true,"jetpack_shortlink":"https:\/\/wp.me\/paWIIL-8a","jetpack_likes_enabled":true,"_links":{"self":[{"href":"https:\/\/polinno.art\/index.php\/wp-json\/wp\/v2\/posts\/506","targetHints":{"allow":["GET"]}}],"collection":[{"href":"https:\/\/polinno.art\/index.php\/wp-json\/wp\/v2\/posts"}],"about":[{"href":"https:\/\/polinno.art\/index.php\/wp-json\/wp\/v2\/types\/post"}],"author":[{"embeddable":true,"href":"https:\/\/polinno.art\/index.php\/wp-json\/wp\/v2\/users\/3"}],"replies":[{"embeddable":true,"href":"https:\/\/polinno.art\/index.php\/wp-json\/wp\/v2\/comments?post=506"}],"version-history":[{"count":4,"href":"https:\/\/polinno.art\/index.php\/wp-json\/wp\/v2\/posts\/506\/revisions"}],"predecessor-version":[{"id":1967,"href":"https:\/\/polinno.art\/index.php\/wp-json\/wp\/v2\/posts\/506\/revisions\/1967"}],"wp:attachment":[{"href":"https:\/\/polinno.art\/index.php\/wp-json\/wp\/v2\/media?parent=506"}],"wp:term":[{"taxonomy":"category","embeddable":true,"href":"https:\/\/polinno.art\/index.php\/wp-json\/wp\/v2\/categories?post=506"},{"taxonomy":"post_tag","embeddable":true,"href":"https:\/\/polinno.art\/index.php\/wp-json\/wp\/v2\/tags?post=506"}],"curies":[{"name":"wp","href":"https:\/\/api.w.org\/{rel}","templated":true}]}}