{"id":500,"date":"2016-05-17T15:11:49","date_gmt":"2016-05-17T13:11:49","guid":{"rendered":"http:\/\/polinno.art\/?p=500"},"modified":"2019-09-10T16:49:58","modified_gmt":"2019-09-10T14:49:58","slug":"action-de-prefiguration2-2016-la-semaine-de-cooperation-artistique","status":"publish","type":"post","link":"https:\/\/polinno.art\/index.php\/2016\/05\/17\/action-de-prefiguration2-2016-la-semaine-de-cooperation-artistique\/","title":{"rendered":"Action de pr\u00e9figuration#2 (2016) : la semaine de coop\u00e9ration artistique"},"content":{"rendered":"\n<p><\/p>\n\n\n\n<p><strong>A l&rsquo;occasion des&nbsp;<\/strong><a rel=\"noreferrer noopener\" href=\"http:\/\/www.journeesdesmetiersdart.fr\/\" target=\"_blank\"><strong>Journ\u00e9es europ\u00e9ennes des m\u00e9tiers d&rsquo;art 2016<\/strong><\/a><strong>,P\u00e9pit&rsquo;art  a re\u00e7u&nbsp;10 professionnels des m\u00e9tiers d&rsquo;art de l&rsquo;Ard\u00e8che m\u00e9ridionale en  r\u00e9sidence pour une semaine de coop\u00e9ration artistique.<\/strong><\/p>\n\n\n\n<figure class=\"wp-block-image\"><img loading=\"lazy\" decoding=\"async\" width=\"6016\" height=\"4016\" data-attachment-id=\"1625\" data-permalink=\"https:\/\/polinno.art\/index.php\/2016\/05\/17\/action-de-prefiguration2-2016-la-semaine-de-cooperation-artistique\/24032016-dsc_2960-4\/\" data-orig-file=\"https:\/\/i0.wp.com\/polinno.art\/wp-content\/uploads\/2019\/09\/24032016-DSC_2960.jpg?fit=6016%2C4016&amp;ssl=1\" data-orig-size=\"6016,4016\" data-comments-opened=\"0\" data-image-meta=\"{&quot;aperture&quot;:&quot;0&quot;,&quot;credit&quot;:&quot;Aur\\u00e9lien Lambert&quot;,&quot;camera&quot;:&quot;&quot;,&quot;caption&quot;:&quot;&quot;,&quot;created_timestamp&quot;:&quot;0&quot;,&quot;copyright&quot;:&quot;\\u00a9 Aur\\u00e9lien Lambert&quot;,&quot;focal_length&quot;:&quot;0&quot;,&quot;iso&quot;:&quot;0&quot;,&quot;shutter_speed&quot;:&quot;0&quot;,&quot;title&quot;:&quot;&quot;,&quot;orientation&quot;:&quot;0&quot;}\" data-image-title=\"24032016-DSC_2960\" data-image-description=\"\" data-image-caption=\"\" data-large-file=\"https:\/\/i0.wp.com\/polinno.art\/wp-content\/uploads\/2019\/09\/24032016-DSC_2960.jpg?fit=525%2C351&amp;ssl=1\" src=\"https:\/\/i0.wp.com\/polinno.art\/wp-content\/uploads\/2019\/09\/24032016-DSC_2960.jpg?fit=525%2C351\" alt=\"\" class=\"wp-image-1625\" srcset=\"https:\/\/i0.wp.com\/polinno.art\/wp-content\/uploads\/2019\/09\/24032016-DSC_2960.jpg?w=6016&amp;ssl=1 6016w, https:\/\/i0.wp.com\/polinno.art\/wp-content\/uploads\/2019\/09\/24032016-DSC_2960.jpg?resize=300%2C200&amp;ssl=1 300w, https:\/\/i0.wp.com\/polinno.art\/wp-content\/uploads\/2019\/09\/24032016-DSC_2960.jpg?resize=768%2C513&amp;ssl=1 768w, https:\/\/i0.wp.com\/polinno.art\/wp-content\/uploads\/2019\/09\/24032016-DSC_2960.jpg?resize=1024%2C684&amp;ssl=1 1024w, https:\/\/i0.wp.com\/polinno.art\/wp-content\/uploads\/2019\/09\/24032016-DSC_2960.jpg?w=1575&amp;ssl=1 1575w\" sizes=\"auto, (max-width: 706px) 89vw, (max-width: 767px) 82vw, 740px\" \/><\/figure>\n\n\n\n<p><br>Ce projet, issu des ateliers participatifs de l&rsquo;automne 2015, avait pour&nbsp;objectifs&nbsp;de :<br>&#8211; Permettre aux PMA du territoire de mieux se conna\u00eetre<br>&#8211; Permettre de faire dialoguer des mat\u00e9riaux, des techniques, des savoir-faire, des univers artistiques<br>&#8211; Pr\u00e9figurer le p\u00f4le innovation : rep\u00e9rer les limites et opportunit\u00e9s   des  coop\u00e9rations, tester l\u2019usage d\u2019outils num\u00e9riques, se projeter dans   le  fonctionnement d\u2019un p\u00f4le innovation.<br>&#8211; Envisager la mise en place r\u00e9guli\u00e8re de coop\u00e9rations artistiques<br>Cette semaine de coop\u00e9ration a r\u00e9uni des professionnels de tous m\u00e9tiers   :  bijoutiers, verriers, s\u00e9rigraphe, sculpteur, plasticien, c\u00e9ramiste,    tapissier etc. Ensemble ils ont con\u00e7u des cr\u00e9ations \u00e0 plusieurs  mains,   alliant leurs savoir-faire techniques et leur cr\u00e9ativit\u00e9, et  mobilisant   des outils num\u00e9riques en fonction des besoins (gravure  laser, plotter  de  d\u00e9coupe etc.)<br>Cette coop\u00e9ration a abouti \u00e0 une exposition des pi\u00e8ces r\u00e9alis\u00e9es, durant les JEMA, \u00e0 P\u00e9pit&rsquo;art.<br>(Voir le&nbsp;<a rel=\"noreferrer noopener\" href=\"https:\/\/drive.google.com\/file\/d\/0B7M8cLGI0lVbUFRmRzNuSGFhRFUtejQ1WXZ1aVhyN3JPcGg4\/view?usp=sharing\" target=\"_blank\">dossier de presse<\/a>)<\/p>\n\n\n\n<figure class=\"wp-block-image\"><img loading=\"lazy\" decoding=\"async\" width=\"6016\" height=\"4016\" data-attachment-id=\"1624\" data-permalink=\"https:\/\/polinno.art\/index.php\/2016\/05\/17\/action-de-prefiguration2-2016-la-semaine-de-cooperation-artistique\/23032016-dsc_2827-2\/\" data-orig-file=\"https:\/\/i0.wp.com\/polinno.art\/wp-content\/uploads\/2019\/09\/23032016-DSC_2827.jpg?fit=6016%2C4016&amp;ssl=1\" data-orig-size=\"6016,4016\" data-comments-opened=\"0\" data-image-meta=\"{&quot;aperture&quot;:&quot;0&quot;,&quot;credit&quot;:&quot;Aur\\u00e9lien Lambert&quot;,&quot;camera&quot;:&quot;&quot;,&quot;caption&quot;:&quot;&quot;,&quot;created_timestamp&quot;:&quot;0&quot;,&quot;copyright&quot;:&quot;\\u00a9 Aur\\u00e9lien Lambert&quot;,&quot;focal_length&quot;:&quot;0&quot;,&quot;iso&quot;:&quot;0&quot;,&quot;shutter_speed&quot;:&quot;0&quot;,&quot;title&quot;:&quot;&quot;,&quot;orientation&quot;:&quot;0&quot;}\" data-image-title=\"23032016-DSC_2827\" data-image-description=\"\" data-image-caption=\"\" data-large-file=\"https:\/\/i0.wp.com\/polinno.art\/wp-content\/uploads\/2019\/09\/23032016-DSC_2827.jpg?fit=525%2C351&amp;ssl=1\" src=\"https:\/\/i0.wp.com\/polinno.art\/wp-content\/uploads\/2019\/09\/23032016-DSC_2827.jpg?fit=525%2C351\" alt=\"\" class=\"wp-image-1624\" srcset=\"https:\/\/i0.wp.com\/polinno.art\/wp-content\/uploads\/2019\/09\/23032016-DSC_2827.jpg?w=6016&amp;ssl=1 6016w, https:\/\/i0.wp.com\/polinno.art\/wp-content\/uploads\/2019\/09\/23032016-DSC_2827.jpg?resize=300%2C200&amp;ssl=1 300w, https:\/\/i0.wp.com\/polinno.art\/wp-content\/uploads\/2019\/09\/23032016-DSC_2827.jpg?resize=768%2C513&amp;ssl=1 768w, https:\/\/i0.wp.com\/polinno.art\/wp-content\/uploads\/2019\/09\/23032016-DSC_2827.jpg?resize=1024%2C684&amp;ssl=1 1024w, https:\/\/i0.wp.com\/polinno.art\/wp-content\/uploads\/2019\/09\/23032016-DSC_2827.jpg?w=1575&amp;ssl=1 1575w\" sizes=\"auto, (max-width: 706px) 89vw, (max-width: 767px) 82vw, 740px\" \/><\/figure>\n\n\n\n<p><br><br>Cette    exp\u00e9rience, unanimement appr\u00e9ci\u00e9e par les participants, constitue  donc   un pas de plus vers la cr\u00e9ation du p\u00f4le envisag\u00e9 \u00e0 P\u00e9pit&rsquo;art.   <\/p>\n","protected":false},"excerpt":{"rendered":"<p>A l&rsquo;occasion des&nbsp;Journ\u00e9es europ\u00e9ennes des m\u00e9tiers d&rsquo;art 2016,P\u00e9pit&rsquo;art a re\u00e7u&nbsp;10 professionnels des m\u00e9tiers d&rsquo;art de l&rsquo;Ard\u00e8che m\u00e9ridionale en r\u00e9sidence pour une semaine de coop\u00e9ration artistique. Ce projet, issu des ateliers &hellip; <\/p>\n<p class=\"link-more\"><a href=\"https:\/\/polinno.art\/index.php\/2016\/05\/17\/action-de-prefiguration2-2016-la-semaine-de-cooperation-artistique\/\" class=\"more-link\">Continuer la lecture<span class=\"screen-reader-text\"> de &laquo;&nbsp;Action de pr\u00e9figuration#2 (2016) : la semaine de coop\u00e9ration artistique&nbsp;&raquo;<\/span><\/a><\/p>\n","protected":false},"author":3,"featured_media":0,"comment_status":"open","ping_status":"open","sticky":false,"template":"","format":"standard","meta":{"_jetpack_memberships_contains_paid_content":false,"footnotes":""},"categories":[14,58,60],"tags":[8,11,9,49],"class_list":["post-500","post","type-post","status-publish","format-standard","hentry","category-test","category-actualites-pepitart-polinno","category-actualites-polinno","tag-ardeche","tag-ardeche-meridionale","tag-art","tag-cooperative"],"yoast_head":"<!-- This site is optimized with the Yoast SEO plugin v27.5 - https:\/\/yoast.com\/product\/yoast-seo-wordpress\/ -->\n<title>Action de pr\u00e9figuration#2 (2016) : la semaine de coop\u00e9ration artistique - Polinno<\/title>\n<meta name=\"robots\" content=\"index, follow, max-snippet:-1, max-image-preview:large, max-video-preview:-1\" \/>\n<link rel=\"canonical\" href=\"https:\/\/polinno.art\/index.php\/2016\/05\/17\/action-de-prefiguration2-2016-la-semaine-de-cooperation-artistique\/\" \/>\n<meta property=\"og:locale\" content=\"fr_FR\" \/>\n<meta property=\"og:type\" content=\"article\" \/>\n<meta property=\"og:title\" content=\"Action de pr\u00e9figuration#2 (2016) : la semaine de coop\u00e9ration artistique - Polinno\" \/>\n<meta property=\"og:description\" content=\"A l&rsquo;occasion des&nbsp;Journ\u00e9es europ\u00e9ennes des m\u00e9tiers d&rsquo;art 2016,P\u00e9pit&rsquo;art a re\u00e7u&nbsp;10 professionnels des m\u00e9tiers d&rsquo;art de l&rsquo;Ard\u00e8che m\u00e9ridionale en r\u00e9sidence pour une semaine de coop\u00e9ration artistique. Ce projet, issu des ateliers &hellip; Continuer la lecture de &laquo;&nbsp;Action de pr\u00e9figuration#2 (2016) : la semaine de coop\u00e9ration artistique&nbsp;&raquo;\" \/>\n<meta property=\"og:url\" content=\"https:\/\/polinno.art\/index.php\/2016\/05\/17\/action-de-prefiguration2-2016-la-semaine-de-cooperation-artistique\/\" \/>\n<meta property=\"og:site_name\" content=\"Polinno\" \/>\n<meta property=\"article:published_time\" content=\"2016-05-17T13:11:49+00:00\" \/>\n<meta property=\"article:modified_time\" content=\"2019-09-10T14:49:58+00:00\" \/>\n<meta property=\"og:image\" content=\"https:\/\/i0.wp.com\/polinno.art\/wp-content\/uploads\/2019\/09\/24032016-DSC_2960.jpg?fit=525%2C351\" \/>\n<meta name=\"author\" content=\"Florian RUBATAT\" \/>\n<meta name=\"twitter:card\" content=\"summary_large_image\" \/>\n<meta name=\"twitter:label1\" content=\"\u00c9crit par\" \/>\n\t<meta name=\"twitter:data1\" content=\"Florian RUBATAT\" \/>\n\t<meta name=\"twitter:label2\" content=\"Dur\u00e9e de lecture estim\u00e9e\" \/>\n\t<meta name=\"twitter:data2\" content=\"1 minute\" \/>\n<script type=\"application\/ld+json\" class=\"yoast-schema-graph\">{\"@context\":\"https:\\\/\\\/schema.org\",\"@graph\":[{\"@type\":\"Article\",\"@id\":\"https:\\\/\\\/polinno.art\\\/index.php\\\/2016\\\/05\\\/17\\\/action-de-prefiguration2-2016-la-semaine-de-cooperation-artistique\\\/#article\",\"isPartOf\":{\"@id\":\"https:\\\/\\\/polinno.art\\\/index.php\\\/2016\\\/05\\\/17\\\/action-de-prefiguration2-2016-la-semaine-de-cooperation-artistique\\\/\"},\"author\":{\"name\":\"Florian RUBATAT\",\"@id\":\"https:\\\/\\\/polinno.art\\\/#\\\/schema\\\/person\\\/e4885b90b0ecdc22c72e85344d682e77\"},\"headline\":\"Action de pr\u00e9figuration#2 (2016) : la semaine de coop\u00e9ration artistique\",\"datePublished\":\"2016-05-17T13:11:49+00:00\",\"dateModified\":\"2019-09-10T14:49:58+00:00\",\"mainEntityOfPage\":{\"@id\":\"https:\\\/\\\/polinno.art\\\/index.php\\\/2016\\\/05\\\/17\\\/action-de-prefiguration2-2016-la-semaine-de-cooperation-artistique\\\/\"},\"wordCount\":249,\"commentCount\":0,\"publisher\":{\"@id\":\"https:\\\/\\\/polinno.art\\\/#organization\"},\"image\":{\"@id\":\"https:\\\/\\\/polinno.art\\\/index.php\\\/2016\\\/05\\\/17\\\/action-de-prefiguration2-2016-la-semaine-de-cooperation-artistique\\\/#primaryimage\"},\"thumbnailUrl\":\"https:\\\/\\\/i0.wp.com\\\/polinno.art\\\/wp-content\\\/uploads\\\/2019\\\/09\\\/24032016-DSC_2960.jpg?fit=525%2C351\",\"keywords\":[\"ard\u00e8che\",\"ard\u00e8che m\u00e9ridionale\",\"art\",\"coop\u00e9rative\"],\"articleSection\":[\"Actualit\u00e9s\",\"Actualit\u00e9s P\u00e9pit'art - Polinno\",\"Actualit\u00e9s Polinno\"],\"inLanguage\":\"fr-FR\",\"potentialAction\":[{\"@type\":\"CommentAction\",\"name\":\"Comment\",\"target\":[\"https:\\\/\\\/polinno.art\\\/index.php\\\/2016\\\/05\\\/17\\\/action-de-prefiguration2-2016-la-semaine-de-cooperation-artistique\\\/#respond\"]}]},{\"@type\":\"WebPage\",\"@id\":\"https:\\\/\\\/polinno.art\\\/index.php\\\/2016\\\/05\\\/17\\\/action-de-prefiguration2-2016-la-semaine-de-cooperation-artistique\\\/\",\"url\":\"https:\\\/\\\/polinno.art\\\/index.php\\\/2016\\\/05\\\/17\\\/action-de-prefiguration2-2016-la-semaine-de-cooperation-artistique\\\/\",\"name\":\"Action de pr\u00e9figuration#2 (2016) : la semaine de coop\u00e9ration artistique - Polinno\",\"isPartOf\":{\"@id\":\"https:\\\/\\\/polinno.art\\\/#website\"},\"primaryImageOfPage\":{\"@id\":\"https:\\\/\\\/polinno.art\\\/index.php\\\/2016\\\/05\\\/17\\\/action-de-prefiguration2-2016-la-semaine-de-cooperation-artistique\\\/#primaryimage\"},\"image\":{\"@id\":\"https:\\\/\\\/polinno.art\\\/index.php\\\/2016\\\/05\\\/17\\\/action-de-prefiguration2-2016-la-semaine-de-cooperation-artistique\\\/#primaryimage\"},\"thumbnailUrl\":\"https:\\\/\\\/i0.wp.com\\\/polinno.art\\\/wp-content\\\/uploads\\\/2019\\\/09\\\/24032016-DSC_2960.jpg?fit=525%2C351\",\"datePublished\":\"2016-05-17T13:11:49+00:00\",\"dateModified\":\"2019-09-10T14:49:58+00:00\",\"breadcrumb\":{\"@id\":\"https:\\\/\\\/polinno.art\\\/index.php\\\/2016\\\/05\\\/17\\\/action-de-prefiguration2-2016-la-semaine-de-cooperation-artistique\\\/#breadcrumb\"},\"inLanguage\":\"fr-FR\",\"potentialAction\":[{\"@type\":\"ReadAction\",\"target\":[\"https:\\\/\\\/polinno.art\\\/index.php\\\/2016\\\/05\\\/17\\\/action-de-prefiguration2-2016-la-semaine-de-cooperation-artistique\\\/\"]}]},{\"@type\":\"ImageObject\",\"inLanguage\":\"fr-FR\",\"@id\":\"https:\\\/\\\/polinno.art\\\/index.php\\\/2016\\\/05\\\/17\\\/action-de-prefiguration2-2016-la-semaine-de-cooperation-artistique\\\/#primaryimage\",\"url\":\"https:\\\/\\\/i0.wp.com\\\/polinno.art\\\/wp-content\\\/uploads\\\/2019\\\/09\\\/24032016-DSC_2960.jpg?fit=525%2C351\",\"contentUrl\":\"https:\\\/\\\/i0.wp.com\\\/polinno.art\\\/wp-content\\\/uploads\\\/2019\\\/09\\\/24032016-DSC_2960.jpg?fit=525%2C351\"},{\"@type\":\"BreadcrumbList\",\"@id\":\"https:\\\/\\\/polinno.art\\\/index.php\\\/2016\\\/05\\\/17\\\/action-de-prefiguration2-2016-la-semaine-de-cooperation-artistique\\\/#breadcrumb\",\"itemListElement\":[{\"@type\":\"ListItem\",\"position\":1,\"name\":\"Accueil\",\"item\":\"https:\\\/\\\/polinno.art\\\/\"},{\"@type\":\"ListItem\",\"position\":2,\"name\":\"Action de pr\u00e9figuration#2 (2016) : la semaine de coop\u00e9ration artistique\"}]},{\"@type\":\"WebSite\",\"@id\":\"https:\\\/\\\/polinno.art\\\/#website\",\"url\":\"https:\\\/\\\/polinno.art\\\/\",\"name\":\"polinno.art\",\"description\":\"P\u00f4le d&#039;innovation des m\u00e9tiers d&#039;art\",\"publisher\":{\"@id\":\"https:\\\/\\\/polinno.art\\\/#organization\"},\"potentialAction\":[{\"@type\":\"SearchAction\",\"target\":{\"@type\":\"EntryPoint\",\"urlTemplate\":\"https:\\\/\\\/polinno.art\\\/?s={search_term_string}\"},\"query-input\":{\"@type\":\"PropertyValueSpecification\",\"valueRequired\":true,\"valueName\":\"search_term_string\"}}],\"inLanguage\":\"fr-FR\"},{\"@type\":\"Organization\",\"@id\":\"https:\\\/\\\/polinno.art\\\/#organization\",\"name\":\"polinno.art\",\"url\":\"https:\\\/\\\/polinno.art\\\/\",\"logo\":{\"@type\":\"ImageObject\",\"inLanguage\":\"fr-FR\",\"@id\":\"https:\\\/\\\/polinno.art\\\/#\\\/schema\\\/logo\\\/image\\\/\",\"url\":\"https:\\\/\\\/i0.wp.com\\\/polinno.art\\\/wp-content\\\/uploads\\\/2019\\\/07\\\/polinno_logo.png?fit=442%2C482\",\"contentUrl\":\"https:\\\/\\\/i0.wp.com\\\/polinno.art\\\/wp-content\\\/uploads\\\/2019\\\/07\\\/polinno_logo.png?fit=442%2C482\",\"width\":442,\"height\":482,\"caption\":\"polinno.art\"},\"image\":{\"@id\":\"https:\\\/\\\/polinno.art\\\/#\\\/schema\\\/logo\\\/image\\\/\"}},{\"@type\":\"Person\",\"@id\":\"https:\\\/\\\/polinno.art\\\/#\\\/schema\\\/person\\\/e4885b90b0ecdc22c72e85344d682e77\",\"name\":\"Florian RUBATAT\",\"image\":{\"@type\":\"ImageObject\",\"inLanguage\":\"fr-FR\",\"@id\":\"https:\\\/\\\/secure.gravatar.com\\\/avatar\\\/34682044b131d895d2fbb95b39eb51772746f3f9984ccbb31dbb97abeb06f0ee?s=96&d=mm&r=g\",\"url\":\"https:\\\/\\\/secure.gravatar.com\\\/avatar\\\/34682044b131d895d2fbb95b39eb51772746f3f9984ccbb31dbb97abeb06f0ee?s=96&d=mm&r=g\",\"contentUrl\":\"https:\\\/\\\/secure.gravatar.com\\\/avatar\\\/34682044b131d895d2fbb95b39eb51772746f3f9984ccbb31dbb97abeb06f0ee?s=96&d=mm&r=g\",\"caption\":\"Florian RUBATAT\"},\"sameAs\":[\"http:\\\/\\\/microflolab.com\"],\"url\":\"https:\\\/\\\/polinno.art\\\/index.php\\\/author\\\/flo\\\/\"}]}<\/script>\n<!-- \/ Yoast SEO plugin. -->","yoast_head_json":{"title":"Action de pr\u00e9figuration#2 (2016) : la semaine de coop\u00e9ration artistique - Polinno","robots":{"index":"index","follow":"follow","max-snippet":"max-snippet:-1","max-image-preview":"max-image-preview:large","max-video-preview":"max-video-preview:-1"},"canonical":"https:\/\/polinno.art\/index.php\/2016\/05\/17\/action-de-prefiguration2-2016-la-semaine-de-cooperation-artistique\/","og_locale":"fr_FR","og_type":"article","og_title":"Action de pr\u00e9figuration#2 (2016) : la semaine de coop\u00e9ration artistique - Polinno","og_description":"A l&rsquo;occasion des&nbsp;Journ\u00e9es europ\u00e9ennes des m\u00e9tiers d&rsquo;art 2016,P\u00e9pit&rsquo;art a re\u00e7u&nbsp;10 professionnels des m\u00e9tiers d&rsquo;art de l&rsquo;Ard\u00e8che m\u00e9ridionale en r\u00e9sidence pour une semaine de coop\u00e9ration artistique. Ce projet, issu des ateliers &hellip; Continuer la lecture de &laquo;&nbsp;Action de pr\u00e9figuration#2 (2016) : la semaine de coop\u00e9ration artistique&nbsp;&raquo;","og_url":"https:\/\/polinno.art\/index.php\/2016\/05\/17\/action-de-prefiguration2-2016-la-semaine-de-cooperation-artistique\/","og_site_name":"Polinno","article_published_time":"2016-05-17T13:11:49+00:00","article_modified_time":"2019-09-10T14:49:58+00:00","og_image":[{"url":"https:\/\/i0.wp.com\/polinno.art\/wp-content\/uploads\/2019\/09\/24032016-DSC_2960.jpg?fit=525%2C351","type":"","width":"","height":""}],"author":"Florian RUBATAT","twitter_card":"summary_large_image","twitter_misc":{"\u00c9crit par":"Florian RUBATAT","Dur\u00e9e de lecture estim\u00e9e":"1 minute"},"schema":{"@context":"https:\/\/schema.org","@graph":[{"@type":"Article","@id":"https:\/\/polinno.art\/index.php\/2016\/05\/17\/action-de-prefiguration2-2016-la-semaine-de-cooperation-artistique\/#article","isPartOf":{"@id":"https:\/\/polinno.art\/index.php\/2016\/05\/17\/action-de-prefiguration2-2016-la-semaine-de-cooperation-artistique\/"},"author":{"name":"Florian RUBATAT","@id":"https:\/\/polinno.art\/#\/schema\/person\/e4885b90b0ecdc22c72e85344d682e77"},"headline":"Action de pr\u00e9figuration#2 (2016) : la semaine de coop\u00e9ration artistique","datePublished":"2016-05-17T13:11:49+00:00","dateModified":"2019-09-10T14:49:58+00:00","mainEntityOfPage":{"@id":"https:\/\/polinno.art\/index.php\/2016\/05\/17\/action-de-prefiguration2-2016-la-semaine-de-cooperation-artistique\/"},"wordCount":249,"commentCount":0,"publisher":{"@id":"https:\/\/polinno.art\/#organization"},"image":{"@id":"https:\/\/polinno.art\/index.php\/2016\/05\/17\/action-de-prefiguration2-2016-la-semaine-de-cooperation-artistique\/#primaryimage"},"thumbnailUrl":"https:\/\/i0.wp.com\/polinno.art\/wp-content\/uploads\/2019\/09\/24032016-DSC_2960.jpg?fit=525%2C351","keywords":["ard\u00e8che","ard\u00e8che m\u00e9ridionale","art","coop\u00e9rative"],"articleSection":["Actualit\u00e9s","Actualit\u00e9s P\u00e9pit'art - Polinno","Actualit\u00e9s Polinno"],"inLanguage":"fr-FR","potentialAction":[{"@type":"CommentAction","name":"Comment","target":["https:\/\/polinno.art\/index.php\/2016\/05\/17\/action-de-prefiguration2-2016-la-semaine-de-cooperation-artistique\/#respond"]}]},{"@type":"WebPage","@id":"https:\/\/polinno.art\/index.php\/2016\/05\/17\/action-de-prefiguration2-2016-la-semaine-de-cooperation-artistique\/","url":"https:\/\/polinno.art\/index.php\/2016\/05\/17\/action-de-prefiguration2-2016-la-semaine-de-cooperation-artistique\/","name":"Action de pr\u00e9figuration#2 (2016) : la semaine de coop\u00e9ration artistique - Polinno","isPartOf":{"@id":"https:\/\/polinno.art\/#website"},"primaryImageOfPage":{"@id":"https:\/\/polinno.art\/index.php\/2016\/05\/17\/action-de-prefiguration2-2016-la-semaine-de-cooperation-artistique\/#primaryimage"},"image":{"@id":"https:\/\/polinno.art\/index.php\/2016\/05\/17\/action-de-prefiguration2-2016-la-semaine-de-cooperation-artistique\/#primaryimage"},"thumbnailUrl":"https:\/\/i0.wp.com\/polinno.art\/wp-content\/uploads\/2019\/09\/24032016-DSC_2960.jpg?fit=525%2C351","datePublished":"2016-05-17T13:11:49+00:00","dateModified":"2019-09-10T14:49:58+00:00","breadcrumb":{"@id":"https:\/\/polinno.art\/index.php\/2016\/05\/17\/action-de-prefiguration2-2016-la-semaine-de-cooperation-artistique\/#breadcrumb"},"inLanguage":"fr-FR","potentialAction":[{"@type":"ReadAction","target":["https:\/\/polinno.art\/index.php\/2016\/05\/17\/action-de-prefiguration2-2016-la-semaine-de-cooperation-artistique\/"]}]},{"@type":"ImageObject","inLanguage":"fr-FR","@id":"https:\/\/polinno.art\/index.php\/2016\/05\/17\/action-de-prefiguration2-2016-la-semaine-de-cooperation-artistique\/#primaryimage","url":"https:\/\/i0.wp.com\/polinno.art\/wp-content\/uploads\/2019\/09\/24032016-DSC_2960.jpg?fit=525%2C351","contentUrl":"https:\/\/i0.wp.com\/polinno.art\/wp-content\/uploads\/2019\/09\/24032016-DSC_2960.jpg?fit=525%2C351"},{"@type":"BreadcrumbList","@id":"https:\/\/polinno.art\/index.php\/2016\/05\/17\/action-de-prefiguration2-2016-la-semaine-de-cooperation-artistique\/#breadcrumb","itemListElement":[{"@type":"ListItem","position":1,"name":"Accueil","item":"https:\/\/polinno.art\/"},{"@type":"ListItem","position":2,"name":"Action de pr\u00e9figuration#2 (2016) : la semaine de coop\u00e9ration artistique"}]},{"@type":"WebSite","@id":"https:\/\/polinno.art\/#website","url":"https:\/\/polinno.art\/","name":"polinno.art","description":"P\u00f4le d&#039;innovation des m\u00e9tiers d&#039;art","publisher":{"@id":"https:\/\/polinno.art\/#organization"},"potentialAction":[{"@type":"SearchAction","target":{"@type":"EntryPoint","urlTemplate":"https:\/\/polinno.art\/?s={search_term_string}"},"query-input":{"@type":"PropertyValueSpecification","valueRequired":true,"valueName":"search_term_string"}}],"inLanguage":"fr-FR"},{"@type":"Organization","@id":"https:\/\/polinno.art\/#organization","name":"polinno.art","url":"https:\/\/polinno.art\/","logo":{"@type":"ImageObject","inLanguage":"fr-FR","@id":"https:\/\/polinno.art\/#\/schema\/logo\/image\/","url":"https:\/\/i0.wp.com\/polinno.art\/wp-content\/uploads\/2019\/07\/polinno_logo.png?fit=442%2C482","contentUrl":"https:\/\/i0.wp.com\/polinno.art\/wp-content\/uploads\/2019\/07\/polinno_logo.png?fit=442%2C482","width":442,"height":482,"caption":"polinno.art"},"image":{"@id":"https:\/\/polinno.art\/#\/schema\/logo\/image\/"}},{"@type":"Person","@id":"https:\/\/polinno.art\/#\/schema\/person\/e4885b90b0ecdc22c72e85344d682e77","name":"Florian RUBATAT","image":{"@type":"ImageObject","inLanguage":"fr-FR","@id":"https:\/\/secure.gravatar.com\/avatar\/34682044b131d895d2fbb95b39eb51772746f3f9984ccbb31dbb97abeb06f0ee?s=96&d=mm&r=g","url":"https:\/\/secure.gravatar.com\/avatar\/34682044b131d895d2fbb95b39eb51772746f3f9984ccbb31dbb97abeb06f0ee?s=96&d=mm&r=g","contentUrl":"https:\/\/secure.gravatar.com\/avatar\/34682044b131d895d2fbb95b39eb51772746f3f9984ccbb31dbb97abeb06f0ee?s=96&d=mm&r=g","caption":"Florian RUBATAT"},"sameAs":["http:\/\/microflolab.com"],"url":"https:\/\/polinno.art\/index.php\/author\/flo\/"}]}},"jetpack_featured_media_url":"","jetpack_sharing_enabled":true,"jetpack_shortlink":"https:\/\/wp.me\/paWIIL-84","jetpack_likes_enabled":true,"_links":{"self":[{"href":"https:\/\/polinno.art\/index.php\/wp-json\/wp\/v2\/posts\/500","targetHints":{"allow":["GET"]}}],"collection":[{"href":"https:\/\/polinno.art\/index.php\/wp-json\/wp\/v2\/posts"}],"about":[{"href":"https:\/\/polinno.art\/index.php\/wp-json\/wp\/v2\/types\/post"}],"author":[{"embeddable":true,"href":"https:\/\/polinno.art\/index.php\/wp-json\/wp\/v2\/users\/3"}],"replies":[{"embeddable":true,"href":"https:\/\/polinno.art\/index.php\/wp-json\/wp\/v2\/comments?post=500"}],"version-history":[{"count":5,"href":"https:\/\/polinno.art\/index.php\/wp-json\/wp\/v2\/posts\/500\/revisions"}],"predecessor-version":[{"id":1969,"href":"https:\/\/polinno.art\/index.php\/wp-json\/wp\/v2\/posts\/500\/revisions\/1969"}],"wp:attachment":[{"href":"https:\/\/polinno.art\/index.php\/wp-json\/wp\/v2\/media?parent=500"}],"wp:term":[{"taxonomy":"category","embeddable":true,"href":"https:\/\/polinno.art\/index.php\/wp-json\/wp\/v2\/categories?post=500"},{"taxonomy":"post_tag","embeddable":true,"href":"https:\/\/polinno.art\/index.php\/wp-json\/wp\/v2\/tags?post=500"}],"curies":[{"name":"wp","href":"https:\/\/api.w.org\/{rel}","templated":true}]}}