{"id":2514,"date":"2021-10-14T11:52:42","date_gmt":"2021-10-14T09:52:42","guid":{"rendered":"http:\/\/polinno.art\/?p=2514"},"modified":"2021-10-14T11:53:28","modified_gmt":"2021-10-14T09:53:28","slug":"le-polinno-lance-les-des-au-village-des-sciences","status":"publish","type":"post","link":"https:\/\/polinno.art\/index.php\/2021\/10\/14\/le-polinno-lance-les-des-au-village-des-sciences\/","title":{"rendered":"Le Polinno lance les d\u00e9s au Village des sciences !"},"content":{"rendered":"\n<div class=\"wp-block-jetpack-tiled-gallery aligncenter is-style-rectangular\"><div class=\"tiled-gallery__gallery\"><div class=\"tiled-gallery__row\"><div class=\"tiled-gallery__col\" style=\"flex-basis:38.99484%\"><figure class=\"tiled-gallery__item\"><img decoding=\"async\" data-attachment-id=\"2517\" data-permalink=\"https:\/\/polinno.art\/index.php\/2021\/10\/14\/le-polinno-lance-les-des-au-village-des-sciences\/20211014_094609\/\" data-orig-file=\"https:\/\/i0.wp.com\/polinno.art\/wp-content\/uploads\/2021\/10\/20211014_094609-scaled.jpg?fit=2560%2C1920&amp;ssl=1\" data-orig-size=\"2560,1920\" data-comments-opened=\"0\" data-image-meta=\"{&quot;aperture&quot;:&quot;1.9&quot;,&quot;credit&quot;:&quot;&quot;,&quot;camera&quot;:&quot;SM-A105FN&quot;,&quot;caption&quot;:&quot;&quot;,&quot;created_timestamp&quot;:&quot;1634204769&quot;,&quot;copyright&quot;:&quot;&quot;,&quot;focal_length&quot;:&quot;3.6&quot;,&quot;iso&quot;:&quot;200&quot;,&quot;shutter_speed&quot;:&quot;0.02&quot;,&quot;title&quot;:&quot;&quot;,&quot;orientation&quot;:&quot;1&quot;}\" data-image-title=\"20211014_094609\" data-image-description=\"\" data-image-caption=\"\" data-large-file=\"https:\/\/i0.wp.com\/polinno.art\/wp-content\/uploads\/2021\/10\/20211014_094609-scaled.jpg?fit=525%2C394&amp;ssl=1\" data-attachment-id=\"2517\" data-permalink=\"https:\/\/polinno.art\/index.php\/2021\/10\/14\/le-polinno-lance-les-des-au-village-des-sciences\/20211014_094609\/\" data-orig-file=\"https:\/\/i0.wp.com\/polinno.art\/wp-content\/uploads\/2021\/10\/20211014_094609-scaled.jpg?fit=2560%2C1920&amp;ssl=1\" data-orig-size=\"2560,1920\" data-comments-opened=\"0\" data-image-meta=\"{&quot;aperture&quot;:&quot;1.9&quot;,&quot;credit&quot;:&quot;&quot;,&quot;camera&quot;:&quot;SM-A105FN&quot;,&quot;caption&quot;:&quot;&quot;,&quot;created_timestamp&quot;:&quot;1634204769&quot;,&quot;copyright&quot;:&quot;&quot;,&quot;focal_length&quot;:&quot;3.6&quot;,&quot;iso&quot;:&quot;200&quot;,&quot;shutter_speed&quot;:&quot;0.02&quot;,&quot;title&quot;:&quot;&quot;,&quot;orientation&quot;:&quot;1&quot;}\" data-image-title=\"20211014_094609\" data-image-description=\"\" data-image-caption=\"\" data-large-file=\"https:\/\/i0.wp.com\/polinno.art\/wp-content\/uploads\/2021\/10\/20211014_094609-scaled.jpg?fit=525%2C394&amp;ssl=1\" role=\"button\" tabindex=\"0\" aria-label=\"Ouvrir l\u2019image 1 sur 3 en plein \u00e9cran\"srcset=\"https:\/\/i1.wp.com\/polinno.art\/wp-content\/uploads\/2021\/10\/20211014_094609-1024x768.jpg?strip=info&#038;w=600 600w,https:\/\/i1.wp.com\/polinno.art\/wp-content\/uploads\/2021\/10\/20211014_094609-1024x768.jpg?strip=info&#038;w=900 900w,https:\/\/i1.wp.com\/polinno.art\/wp-content\/uploads\/2021\/10\/20211014_094609-1024x768.jpg?strip=info&#038;w=1200 1200w,https:\/\/i1.wp.com\/polinno.art\/wp-content\/uploads\/2021\/10\/20211014_094609-1024x768.jpg?strip=info&#038;w=1500 1500w,https:\/\/i1.wp.com\/polinno.art\/wp-content\/uploads\/2021\/10\/20211014_094609-1024x768.jpg?strip=info&#038;w=1800 1800w,https:\/\/i1.wp.com\/polinno.art\/wp-content\/uploads\/2021\/10\/20211014_094609-1024x768.jpg?strip=info&#038;w=2000 2000w\" alt=\"\" data-height=\"1920\" data-id=\"2517\" data-link=\"https:\/\/polinno.art\/?attachment_id=2517\" data-url=\"https:\/\/polinno.art\/wp-content\/uploads\/2021\/10\/20211014_094609-1024x768.jpg\" data-width=\"2560\" src=\"https:\/\/i1.wp.com\/polinno.art\/wp-content\/uploads\/2021\/10\/20211014_094609-1024x768.jpg\" data-amp-layout=\"responsive\"\/><\/figure><\/div><div class=\"tiled-gallery__col\" style=\"flex-basis:22.01032%\"><figure class=\"tiled-gallery__item\"><img decoding=\"async\" data-attachment-id=\"2518\" data-permalink=\"https:\/\/polinno.art\/index.php\/2021\/10\/14\/le-polinno-lance-les-des-au-village-des-sciences\/20211010_115408\/\" data-orig-file=\"https:\/\/i0.wp.com\/polinno.art\/wp-content\/uploads\/2021\/10\/20211010_115408-scaled.jpg?fit=1920%2C2560&amp;ssl=1\" data-orig-size=\"1920,2560\" data-comments-opened=\"0\" data-image-meta=\"{&quot;aperture&quot;:&quot;1.9&quot;,&quot;credit&quot;:&quot;&quot;,&quot;camera&quot;:&quot;SM-A105FN&quot;,&quot;caption&quot;:&quot;&quot;,&quot;created_timestamp&quot;:&quot;1633866847&quot;,&quot;copyright&quot;:&quot;&quot;,&quot;focal_length&quot;:&quot;3.6&quot;,&quot;iso&quot;:&quot;64&quot;,&quot;shutter_speed&quot;:&quot;0.02&quot;,&quot;title&quot;:&quot;&quot;,&quot;orientation&quot;:&quot;1&quot;}\" data-image-title=\"20211010_115408\" data-image-description=\"\" data-image-caption=\"\" data-large-file=\"https:\/\/i0.wp.com\/polinno.art\/wp-content\/uploads\/2021\/10\/20211010_115408-scaled.jpg?fit=525%2C700&amp;ssl=1\" data-attachment-id=\"2518\" data-permalink=\"https:\/\/polinno.art\/index.php\/2021\/10\/14\/le-polinno-lance-les-des-au-village-des-sciences\/20211010_115408\/\" data-orig-file=\"https:\/\/i0.wp.com\/polinno.art\/wp-content\/uploads\/2021\/10\/20211010_115408-scaled.jpg?fit=1920%2C2560&amp;ssl=1\" data-orig-size=\"1920,2560\" data-comments-opened=\"0\" data-image-meta=\"{&quot;aperture&quot;:&quot;1.9&quot;,&quot;credit&quot;:&quot;&quot;,&quot;camera&quot;:&quot;SM-A105FN&quot;,&quot;caption&quot;:&quot;&quot;,&quot;created_timestamp&quot;:&quot;1633866847&quot;,&quot;copyright&quot;:&quot;&quot;,&quot;focal_length&quot;:&quot;3.6&quot;,&quot;iso&quot;:&quot;64&quot;,&quot;shutter_speed&quot;:&quot;0.02&quot;,&quot;title&quot;:&quot;&quot;,&quot;orientation&quot;:&quot;1&quot;}\" data-image-title=\"20211010_115408\" data-image-description=\"\" data-image-caption=\"\" data-large-file=\"https:\/\/i0.wp.com\/polinno.art\/wp-content\/uploads\/2021\/10\/20211010_115408-scaled.jpg?fit=525%2C700&amp;ssl=1\" role=\"button\" tabindex=\"0\" aria-label=\"Ouvrir l\u2019image 2 sur 3 en plein \u00e9cran\"srcset=\"https:\/\/i0.wp.com\/polinno.art\/wp-content\/uploads\/2021\/10\/20211010_115408-768x1024.jpg?strip=info&#038;w=600 600w,https:\/\/i0.wp.com\/polinno.art\/wp-content\/uploads\/2021\/10\/20211010_115408-768x1024.jpg?strip=info&#038;w=900 900w,https:\/\/i0.wp.com\/polinno.art\/wp-content\/uploads\/2021\/10\/20211010_115408-768x1024.jpg?strip=info&#038;w=1200 1200w,https:\/\/i0.wp.com\/polinno.art\/wp-content\/uploads\/2021\/10\/20211010_115408-768x1024.jpg?strip=info&#038;w=1500 1500w,https:\/\/i0.wp.com\/polinno.art\/wp-content\/uploads\/2021\/10\/20211010_115408-768x1024.jpg?strip=info&#038;w=1800 1800w,https:\/\/i0.wp.com\/polinno.art\/wp-content\/uploads\/2021\/10\/20211010_115408-768x1024.jpg?strip=info&#038;w=1920 1920w\" alt=\"\" data-height=\"2560\" data-id=\"2518\" data-link=\"https:\/\/polinno.art\/?attachment_id=2518\" data-url=\"https:\/\/polinno.art\/wp-content\/uploads\/2021\/10\/20211010_115408-768x1024.jpg\" data-width=\"1920\" src=\"https:\/\/i0.wp.com\/polinno.art\/wp-content\/uploads\/2021\/10\/20211010_115408-768x1024.jpg\" data-amp-layout=\"responsive\"\/><\/figure><\/div><div class=\"tiled-gallery__col\" style=\"flex-basis:38.99484%\"><figure class=\"tiled-gallery__item\"><img decoding=\"async\" data-attachment-id=\"2519\" data-permalink=\"https:\/\/polinno.art\/index.php\/2021\/10\/14\/le-polinno-lance-les-des-au-village-des-sciences\/20211010_144930\/\" data-orig-file=\"https:\/\/i0.wp.com\/polinno.art\/wp-content\/uploads\/2021\/10\/20211010_144930-scaled.jpg?fit=2560%2C1920&amp;ssl=1\" data-orig-size=\"2560,1920\" data-comments-opened=\"0\" data-image-meta=\"{&quot;aperture&quot;:&quot;1.9&quot;,&quot;credit&quot;:&quot;&quot;,&quot;camera&quot;:&quot;SM-A105FN&quot;,&quot;caption&quot;:&quot;&quot;,&quot;created_timestamp&quot;:&quot;1633877370&quot;,&quot;copyright&quot;:&quot;&quot;,&quot;focal_length&quot;:&quot;3.6&quot;,&quot;iso&quot;:&quot;50&quot;,&quot;shutter_speed&quot;:&quot;0.02&quot;,&quot;title&quot;:&quot;&quot;,&quot;orientation&quot;:&quot;1&quot;}\" data-image-title=\"20211010_144930\" data-image-description=\"\" data-image-caption=\"\" data-large-file=\"https:\/\/i0.wp.com\/polinno.art\/wp-content\/uploads\/2021\/10\/20211010_144930-scaled.jpg?fit=525%2C394&amp;ssl=1\" data-attachment-id=\"2519\" data-permalink=\"https:\/\/polinno.art\/index.php\/2021\/10\/14\/le-polinno-lance-les-des-au-village-des-sciences\/20211010_144930\/\" data-orig-file=\"https:\/\/i0.wp.com\/polinno.art\/wp-content\/uploads\/2021\/10\/20211010_144930-scaled.jpg?fit=2560%2C1920&amp;ssl=1\" data-orig-size=\"2560,1920\" data-comments-opened=\"0\" data-image-meta=\"{&quot;aperture&quot;:&quot;1.9&quot;,&quot;credit&quot;:&quot;&quot;,&quot;camera&quot;:&quot;SM-A105FN&quot;,&quot;caption&quot;:&quot;&quot;,&quot;created_timestamp&quot;:&quot;1633877370&quot;,&quot;copyright&quot;:&quot;&quot;,&quot;focal_length&quot;:&quot;3.6&quot;,&quot;iso&quot;:&quot;50&quot;,&quot;shutter_speed&quot;:&quot;0.02&quot;,&quot;title&quot;:&quot;&quot;,&quot;orientation&quot;:&quot;1&quot;}\" data-image-title=\"20211010_144930\" data-image-description=\"\" data-image-caption=\"\" data-large-file=\"https:\/\/i0.wp.com\/polinno.art\/wp-content\/uploads\/2021\/10\/20211010_144930-scaled.jpg?fit=525%2C394&amp;ssl=1\" role=\"button\" tabindex=\"0\" aria-label=\"Ouvrir l\u2019image 3 sur 3 en plein \u00e9cran\"srcset=\"https:\/\/i0.wp.com\/polinno.art\/wp-content\/uploads\/2021\/10\/20211010_144930-1024x768.jpg?strip=info&#038;w=600 600w,https:\/\/i0.wp.com\/polinno.art\/wp-content\/uploads\/2021\/10\/20211010_144930-1024x768.jpg?strip=info&#038;w=900 900w,https:\/\/i0.wp.com\/polinno.art\/wp-content\/uploads\/2021\/10\/20211010_144930-1024x768.jpg?strip=info&#038;w=1200 1200w,https:\/\/i0.wp.com\/polinno.art\/wp-content\/uploads\/2021\/10\/20211010_144930-1024x768.jpg?strip=info&#038;w=1500 1500w,https:\/\/i0.wp.com\/polinno.art\/wp-content\/uploads\/2021\/10\/20211010_144930-1024x768.jpg?strip=info&#038;w=1800 1800w,https:\/\/i0.wp.com\/polinno.art\/wp-content\/uploads\/2021\/10\/20211010_144930-1024x768.jpg?strip=info&#038;w=2000 2000w\" alt=\"\" data-height=\"1920\" data-id=\"2519\" data-link=\"https:\/\/polinno.art\/?attachment_id=2519\" data-url=\"https:\/\/polinno.art\/wp-content\/uploads\/2021\/10\/20211010_144930-1024x768.jpg\" data-width=\"2560\" src=\"https:\/\/i0.wp.com\/polinno.art\/wp-content\/uploads\/2021\/10\/20211010_144930-1024x768.jpg\" data-amp-layout=\"responsive\"\/><\/figure><\/div><\/div><\/div><\/div>\n\n\n\n<p>Le week-end dernier, le Centre de culture scientifique de l\u2019Ard\u00e8che organisait la 11\u00e8me \u00e9dition du Village des Sciences. En solidarit\u00e9 avec les habitants du Teil, cet \u00e9v\u00e8nement s\u2019est tenu au coll\u00e8ge Marcel-Chamontin, et la nouvelle \u00e9cole afin d\u2019offrir un moment festif et convivial autour de la d\u00e9couverte des sciences.\u00a0<\/p>\n\n\n\n<p>Le Polinno, port\u00e9 par la Communaut\u00e9 de communes du Pays Beaume-Drobie, avait, comme lors de l\u2019\u00e9dition pr\u00e9c\u00e9dente, r\u00e9pondu avec enthousiasme \u00e0 l\u2019invitation du CCSTI. D\u2019abord parce que les Fablab ont maintenant une place \u00e0 part enti\u00e8re au sein de cet \u00e9v\u00e9nement, et d\u2019autre part pour proposer une nouvelle animation sur le th\u00e8me favori du Polinno : l\u2019art et le num\u00e9rique.<\/p>\n\n\n\n<p>Ainsi, le Polinno a re\u00e7u les 3000 visiteurs du Village des sciences sur l\u2019espace \u201cfabrication 2.0\u201d partag\u00e9 avec le fablab du Cheylard, la Fabritech\u2019. Une occasion de faire d\u00e9couvrir au grand public, et notamment aux familles, les outils pilot\u00e9s par ordinateurs qui permettent de fabriquer ou de r\u00e9parer \u00e0 peu pr\u00e8s tout : imprimantes 3D, fraiseuse \u00e0 commande num\u00e9rique, scanner 3D.<\/p>\n\n\n\n<p><strong>Mais surtout, le Polinno a inaugur\u00e9 un jeu enti\u00e8rement con\u00e7u en coop\u00e9ration avec une c\u00e9ramiste, Elsa Ray. Un jeu de d\u00e9s, qui permet de sensibiliser les enfants \u00e0 la cha\u00eene alimentaire et qu\u2019il s\u2019agissait avant tout de fabriquer ! Modelage d\u2019un d\u00e9 en argile, estampage des faces avec des empreintes d\u2019animaux imprim\u00e9es en 3D, tamponnage des cartes du jeu, assemblage de la bo\u00eete d\u2019emballage\u2026 les enfants et leurs parents se sont r\u00e9gal\u00e9s lors des 6 s\u00e9ances propos\u00e9es, qui ont affich\u00e9 complet !<\/strong><\/p>\n\n\n\n<p><strong>Cet atelier sera propos\u00e9 aux \u00e9coles, centres de loisirs et familles durant l\u2019ann\u00e9e scolaire 2021-2022. Pour tout renseignement : contact@polinno.art et 07 49 78 81 82.<\/strong><\/p>\n","protected":false},"excerpt":{"rendered":"<p>Le week-end dernier, le Centre de culture scientifique de l\u2019Ard\u00e8che organisait la 11\u00e8me \u00e9dition du Village des Sciences. En solidarit\u00e9 avec les habitants du Teil, cet \u00e9v\u00e8nement s\u2019est tenu au &hellip; <\/p>\n<p class=\"link-more\"><a href=\"https:\/\/polinno.art\/index.php\/2021\/10\/14\/le-polinno-lance-les-des-au-village-des-sciences\/\" class=\"more-link\">Continuer la lecture<span class=\"screen-reader-text\"> de &laquo;&nbsp;Le Polinno lance les d\u00e9s au Village des sciences !&nbsp;&raquo;<\/span><\/a><\/p>\n","protected":false},"author":4,"featured_media":0,"comment_status":"closed","ping_status":"open","sticky":false,"template":"","format":"standard","meta":{"_jetpack_memberships_contains_paid_content":false,"footnotes":""},"categories":[14,59,58,1],"tags":[],"class_list":["post-2514","post","type-post","status-publish","format-standard","hentry","category-test","category-actualites-fablab-polinno","category-actualites-pepitart-polinno","category-non-classe"],"yoast_head":"<!-- This site is optimized with the Yoast SEO plugin v27.4 - https:\/\/yoast.com\/product\/yoast-seo-wordpress\/ -->\n<title>Le Polinno lance les d\u00e9s au Village des sciences ! - Polinno<\/title>\n<meta name=\"robots\" content=\"index, follow, max-snippet:-1, max-image-preview:large, max-video-preview:-1\" \/>\n<link rel=\"canonical\" href=\"https:\/\/polinno.art\/index.php\/2021\/10\/14\/le-polinno-lance-les-des-au-village-des-sciences\/\" \/>\n<meta property=\"og:locale\" content=\"fr_FR\" \/>\n<meta property=\"og:type\" content=\"article\" \/>\n<meta property=\"og:title\" content=\"Le Polinno lance les d\u00e9s au Village des sciences ! - Polinno\" \/>\n<meta property=\"og:description\" content=\"Le week-end dernier, le Centre de culture scientifique de l\u2019Ard\u00e8che organisait la 11\u00e8me \u00e9dition du Village des Sciences. En solidarit\u00e9 avec les habitants du Teil, cet \u00e9v\u00e8nement s\u2019est tenu au &hellip; Continuer la lecture de &laquo;&nbsp;Le Polinno lance les d\u00e9s au Village des sciences !&nbsp;&raquo;\" \/>\n<meta property=\"og:url\" content=\"https:\/\/polinno.art\/index.php\/2021\/10\/14\/le-polinno-lance-les-des-au-village-des-sciences\/\" \/>\n<meta property=\"og:site_name\" content=\"Polinno\" \/>\n<meta property=\"article:published_time\" content=\"2021-10-14T09:52:42+00:00\" \/>\n<meta property=\"article:modified_time\" content=\"2021-10-14T09:53:28+00:00\" \/>\n<meta property=\"og:image\" content=\"https:\/\/i1.wp.com\/polinno.art\/wp-content\/uploads\/2021\/10\/20211014_094609-1024x768.jpg\" \/>\n<meta name=\"author\" content=\"C\u00e9cile Lucsko\" \/>\n<meta name=\"twitter:card\" content=\"summary_large_image\" \/>\n<meta name=\"twitter:label1\" content=\"\u00c9crit par\" \/>\n\t<meta name=\"twitter:data1\" content=\"C\u00e9cile Lucsko\" \/>\n\t<meta name=\"twitter:label2\" content=\"Dur\u00e9e de lecture estim\u00e9e\" \/>\n\t<meta name=\"twitter:data2\" content=\"2 minutes\" \/>\n<script type=\"application\/ld+json\" class=\"yoast-schema-graph\">{\"@context\":\"https:\\\/\\\/schema.org\",\"@graph\":[{\"@type\":\"Article\",\"@id\":\"https:\\\/\\\/polinno.art\\\/index.php\\\/2021\\\/10\\\/14\\\/le-polinno-lance-les-des-au-village-des-sciences\\\/#article\",\"isPartOf\":{\"@id\":\"https:\\\/\\\/polinno.art\\\/index.php\\\/2021\\\/10\\\/14\\\/le-polinno-lance-les-des-au-village-des-sciences\\\/\"},\"author\":{\"name\":\"C\u00e9cile Lucsko\",\"@id\":\"https:\\\/\\\/polinno.art\\\/#\\\/schema\\\/person\\\/29d8a84119fba4ec86f303812be3abb2\"},\"headline\":\"Le Polinno lance les d\u00e9s au Village des sciences !\",\"datePublished\":\"2021-10-14T09:52:42+00:00\",\"dateModified\":\"2021-10-14T09:53:28+00:00\",\"mainEntityOfPage\":{\"@id\":\"https:\\\/\\\/polinno.art\\\/index.php\\\/2021\\\/10\\\/14\\\/le-polinno-lance-les-des-au-village-des-sciences\\\/\"},\"wordCount\":317,\"publisher\":{\"@id\":\"https:\\\/\\\/polinno.art\\\/#organization\"},\"image\":{\"@id\":\"https:\\\/\\\/polinno.art\\\/index.php\\\/2021\\\/10\\\/14\\\/le-polinno-lance-les-des-au-village-des-sciences\\\/#primaryimage\"},\"thumbnailUrl\":\"https:\\\/\\\/i1.wp.com\\\/polinno.art\\\/wp-content\\\/uploads\\\/2021\\\/10\\\/20211014_094609-1024x768.jpg\",\"articleSection\":[\"Actualit\u00e9s\",\"Actualit\u00e9s Fablab - Polinno\",\"Actualit\u00e9s P\u00e9pit'art - Polinno\"],\"inLanguage\":\"fr-FR\"},{\"@type\":\"WebPage\",\"@id\":\"https:\\\/\\\/polinno.art\\\/index.php\\\/2021\\\/10\\\/14\\\/le-polinno-lance-les-des-au-village-des-sciences\\\/\",\"url\":\"https:\\\/\\\/polinno.art\\\/index.php\\\/2021\\\/10\\\/14\\\/le-polinno-lance-les-des-au-village-des-sciences\\\/\",\"name\":\"Le Polinno lance les d\u00e9s au Village des sciences ! - Polinno\",\"isPartOf\":{\"@id\":\"https:\\\/\\\/polinno.art\\\/#website\"},\"primaryImageOfPage\":{\"@id\":\"https:\\\/\\\/polinno.art\\\/index.php\\\/2021\\\/10\\\/14\\\/le-polinno-lance-les-des-au-village-des-sciences\\\/#primaryimage\"},\"image\":{\"@id\":\"https:\\\/\\\/polinno.art\\\/index.php\\\/2021\\\/10\\\/14\\\/le-polinno-lance-les-des-au-village-des-sciences\\\/#primaryimage\"},\"thumbnailUrl\":\"https:\\\/\\\/i1.wp.com\\\/polinno.art\\\/wp-content\\\/uploads\\\/2021\\\/10\\\/20211014_094609-1024x768.jpg\",\"datePublished\":\"2021-10-14T09:52:42+00:00\",\"dateModified\":\"2021-10-14T09:53:28+00:00\",\"breadcrumb\":{\"@id\":\"https:\\\/\\\/polinno.art\\\/index.php\\\/2021\\\/10\\\/14\\\/le-polinno-lance-les-des-au-village-des-sciences\\\/#breadcrumb\"},\"inLanguage\":\"fr-FR\",\"potentialAction\":[{\"@type\":\"ReadAction\",\"target\":[\"https:\\\/\\\/polinno.art\\\/index.php\\\/2021\\\/10\\\/14\\\/le-polinno-lance-les-des-au-village-des-sciences\\\/\"]}]},{\"@type\":\"ImageObject\",\"inLanguage\":\"fr-FR\",\"@id\":\"https:\\\/\\\/polinno.art\\\/index.php\\\/2021\\\/10\\\/14\\\/le-polinno-lance-les-des-au-village-des-sciences\\\/#primaryimage\",\"url\":\"https:\\\/\\\/i1.wp.com\\\/polinno.art\\\/wp-content\\\/uploads\\\/2021\\\/10\\\/20211014_094609-1024x768.jpg\",\"contentUrl\":\"https:\\\/\\\/i1.wp.com\\\/polinno.art\\\/wp-content\\\/uploads\\\/2021\\\/10\\\/20211014_094609-1024x768.jpg\"},{\"@type\":\"BreadcrumbList\",\"@id\":\"https:\\\/\\\/polinno.art\\\/index.php\\\/2021\\\/10\\\/14\\\/le-polinno-lance-les-des-au-village-des-sciences\\\/#breadcrumb\",\"itemListElement\":[{\"@type\":\"ListItem\",\"position\":1,\"name\":\"Accueil\",\"item\":\"https:\\\/\\\/polinno.art\\\/\"},{\"@type\":\"ListItem\",\"position\":2,\"name\":\"Le Polinno lance les d\u00e9s au Village des sciences !\"}]},{\"@type\":\"WebSite\",\"@id\":\"https:\\\/\\\/polinno.art\\\/#website\",\"url\":\"https:\\\/\\\/polinno.art\\\/\",\"name\":\"polinno.art\",\"description\":\"P\u00f4le d&#039;innovation des m\u00e9tiers d&#039;art\",\"publisher\":{\"@id\":\"https:\\\/\\\/polinno.art\\\/#organization\"},\"potentialAction\":[{\"@type\":\"SearchAction\",\"target\":{\"@type\":\"EntryPoint\",\"urlTemplate\":\"https:\\\/\\\/polinno.art\\\/?s={search_term_string}\"},\"query-input\":{\"@type\":\"PropertyValueSpecification\",\"valueRequired\":true,\"valueName\":\"search_term_string\"}}],\"inLanguage\":\"fr-FR\"},{\"@type\":\"Organization\",\"@id\":\"https:\\\/\\\/polinno.art\\\/#organization\",\"name\":\"polinno.art\",\"url\":\"https:\\\/\\\/polinno.art\\\/\",\"logo\":{\"@type\":\"ImageObject\",\"inLanguage\":\"fr-FR\",\"@id\":\"https:\\\/\\\/polinno.art\\\/#\\\/schema\\\/logo\\\/image\\\/\",\"url\":\"https:\\\/\\\/i0.wp.com\\\/polinno.art\\\/wp-content\\\/uploads\\\/2019\\\/07\\\/polinno_logo.png?fit=442%2C482\",\"contentUrl\":\"https:\\\/\\\/i0.wp.com\\\/polinno.art\\\/wp-content\\\/uploads\\\/2019\\\/07\\\/polinno_logo.png?fit=442%2C482\",\"width\":442,\"height\":482,\"caption\":\"polinno.art\"},\"image\":{\"@id\":\"https:\\\/\\\/polinno.art\\\/#\\\/schema\\\/logo\\\/image\\\/\"}},{\"@type\":\"Person\",\"@id\":\"https:\\\/\\\/polinno.art\\\/#\\\/schema\\\/person\\\/29d8a84119fba4ec86f303812be3abb2\",\"name\":\"C\u00e9cile Lucsko\",\"image\":{\"@type\":\"ImageObject\",\"inLanguage\":\"fr-FR\",\"@id\":\"https:\\\/\\\/secure.gravatar.com\\\/avatar\\\/b9bfd0ae9fe5f265ca374a47e31e95908defff2e33c918b6ed3c15d8d634566b?s=96&d=mm&r=g\",\"url\":\"https:\\\/\\\/secure.gravatar.com\\\/avatar\\\/b9bfd0ae9fe5f265ca374a47e31e95908defff2e33c918b6ed3c15d8d634566b?s=96&d=mm&r=g\",\"contentUrl\":\"https:\\\/\\\/secure.gravatar.com\\\/avatar\\\/b9bfd0ae9fe5f265ca374a47e31e95908defff2e33c918b6ed3c15d8d634566b?s=96&d=mm&r=g\",\"caption\":\"C\u00e9cile Lucsko\"},\"url\":\"https:\\\/\\\/polinno.art\\\/index.php\\\/author\\\/cecile\\\/\"}]}<\/script>\n<!-- \/ Yoast SEO plugin. -->","yoast_head_json":{"title":"Le Polinno lance les d\u00e9s au Village des sciences ! - Polinno","robots":{"index":"index","follow":"follow","max-snippet":"max-snippet:-1","max-image-preview":"max-image-preview:large","max-video-preview":"max-video-preview:-1"},"canonical":"https:\/\/polinno.art\/index.php\/2021\/10\/14\/le-polinno-lance-les-des-au-village-des-sciences\/","og_locale":"fr_FR","og_type":"article","og_title":"Le Polinno lance les d\u00e9s au Village des sciences ! - Polinno","og_description":"Le week-end dernier, le Centre de culture scientifique de l\u2019Ard\u00e8che organisait la 11\u00e8me \u00e9dition du Village des Sciences. En solidarit\u00e9 avec les habitants du Teil, cet \u00e9v\u00e8nement s\u2019est tenu au &hellip; Continuer la lecture de &laquo;&nbsp;Le Polinno lance les d\u00e9s au Village des sciences !&nbsp;&raquo;","og_url":"https:\/\/polinno.art\/index.php\/2021\/10\/14\/le-polinno-lance-les-des-au-village-des-sciences\/","og_site_name":"Polinno","article_published_time":"2021-10-14T09:52:42+00:00","article_modified_time":"2021-10-14T09:53:28+00:00","og_image":[{"url":"https:\/\/i1.wp.com\/polinno.art\/wp-content\/uploads\/2021\/10\/20211014_094609-1024x768.jpg","type":"","width":"","height":""}],"author":"C\u00e9cile Lucsko","twitter_card":"summary_large_image","twitter_misc":{"\u00c9crit par":"C\u00e9cile Lucsko","Dur\u00e9e de lecture estim\u00e9e":"2 minutes"},"schema":{"@context":"https:\/\/schema.org","@graph":[{"@type":"Article","@id":"https:\/\/polinno.art\/index.php\/2021\/10\/14\/le-polinno-lance-les-des-au-village-des-sciences\/#article","isPartOf":{"@id":"https:\/\/polinno.art\/index.php\/2021\/10\/14\/le-polinno-lance-les-des-au-village-des-sciences\/"},"author":{"name":"C\u00e9cile Lucsko","@id":"https:\/\/polinno.art\/#\/schema\/person\/29d8a84119fba4ec86f303812be3abb2"},"headline":"Le Polinno lance les d\u00e9s au Village des sciences !","datePublished":"2021-10-14T09:52:42+00:00","dateModified":"2021-10-14T09:53:28+00:00","mainEntityOfPage":{"@id":"https:\/\/polinno.art\/index.php\/2021\/10\/14\/le-polinno-lance-les-des-au-village-des-sciences\/"},"wordCount":317,"publisher":{"@id":"https:\/\/polinno.art\/#organization"},"image":{"@id":"https:\/\/polinno.art\/index.php\/2021\/10\/14\/le-polinno-lance-les-des-au-village-des-sciences\/#primaryimage"},"thumbnailUrl":"https:\/\/i1.wp.com\/polinno.art\/wp-content\/uploads\/2021\/10\/20211014_094609-1024x768.jpg","articleSection":["Actualit\u00e9s","Actualit\u00e9s Fablab - Polinno","Actualit\u00e9s P\u00e9pit'art - Polinno"],"inLanguage":"fr-FR"},{"@type":"WebPage","@id":"https:\/\/polinno.art\/index.php\/2021\/10\/14\/le-polinno-lance-les-des-au-village-des-sciences\/","url":"https:\/\/polinno.art\/index.php\/2021\/10\/14\/le-polinno-lance-les-des-au-village-des-sciences\/","name":"Le Polinno lance les d\u00e9s au Village des sciences ! - Polinno","isPartOf":{"@id":"https:\/\/polinno.art\/#website"},"primaryImageOfPage":{"@id":"https:\/\/polinno.art\/index.php\/2021\/10\/14\/le-polinno-lance-les-des-au-village-des-sciences\/#primaryimage"},"image":{"@id":"https:\/\/polinno.art\/index.php\/2021\/10\/14\/le-polinno-lance-les-des-au-village-des-sciences\/#primaryimage"},"thumbnailUrl":"https:\/\/i1.wp.com\/polinno.art\/wp-content\/uploads\/2021\/10\/20211014_094609-1024x768.jpg","datePublished":"2021-10-14T09:52:42+00:00","dateModified":"2021-10-14T09:53:28+00:00","breadcrumb":{"@id":"https:\/\/polinno.art\/index.php\/2021\/10\/14\/le-polinno-lance-les-des-au-village-des-sciences\/#breadcrumb"},"inLanguage":"fr-FR","potentialAction":[{"@type":"ReadAction","target":["https:\/\/polinno.art\/index.php\/2021\/10\/14\/le-polinno-lance-les-des-au-village-des-sciences\/"]}]},{"@type":"ImageObject","inLanguage":"fr-FR","@id":"https:\/\/polinno.art\/index.php\/2021\/10\/14\/le-polinno-lance-les-des-au-village-des-sciences\/#primaryimage","url":"https:\/\/i1.wp.com\/polinno.art\/wp-content\/uploads\/2021\/10\/20211014_094609-1024x768.jpg","contentUrl":"https:\/\/i1.wp.com\/polinno.art\/wp-content\/uploads\/2021\/10\/20211014_094609-1024x768.jpg"},{"@type":"BreadcrumbList","@id":"https:\/\/polinno.art\/index.php\/2021\/10\/14\/le-polinno-lance-les-des-au-village-des-sciences\/#breadcrumb","itemListElement":[{"@type":"ListItem","position":1,"name":"Accueil","item":"https:\/\/polinno.art\/"},{"@type":"ListItem","position":2,"name":"Le Polinno lance les d\u00e9s au Village des sciences !"}]},{"@type":"WebSite","@id":"https:\/\/polinno.art\/#website","url":"https:\/\/polinno.art\/","name":"polinno.art","description":"P\u00f4le d&#039;innovation des m\u00e9tiers d&#039;art","publisher":{"@id":"https:\/\/polinno.art\/#organization"},"potentialAction":[{"@type":"SearchAction","target":{"@type":"EntryPoint","urlTemplate":"https:\/\/polinno.art\/?s={search_term_string}"},"query-input":{"@type":"PropertyValueSpecification","valueRequired":true,"valueName":"search_term_string"}}],"inLanguage":"fr-FR"},{"@type":"Organization","@id":"https:\/\/polinno.art\/#organization","name":"polinno.art","url":"https:\/\/polinno.art\/","logo":{"@type":"ImageObject","inLanguage":"fr-FR","@id":"https:\/\/polinno.art\/#\/schema\/logo\/image\/","url":"https:\/\/i0.wp.com\/polinno.art\/wp-content\/uploads\/2019\/07\/polinno_logo.png?fit=442%2C482","contentUrl":"https:\/\/i0.wp.com\/polinno.art\/wp-content\/uploads\/2019\/07\/polinno_logo.png?fit=442%2C482","width":442,"height":482,"caption":"polinno.art"},"image":{"@id":"https:\/\/polinno.art\/#\/schema\/logo\/image\/"}},{"@type":"Person","@id":"https:\/\/polinno.art\/#\/schema\/person\/29d8a84119fba4ec86f303812be3abb2","name":"C\u00e9cile Lucsko","image":{"@type":"ImageObject","inLanguage":"fr-FR","@id":"https:\/\/secure.gravatar.com\/avatar\/b9bfd0ae9fe5f265ca374a47e31e95908defff2e33c918b6ed3c15d8d634566b?s=96&d=mm&r=g","url":"https:\/\/secure.gravatar.com\/avatar\/b9bfd0ae9fe5f265ca374a47e31e95908defff2e33c918b6ed3c15d8d634566b?s=96&d=mm&r=g","contentUrl":"https:\/\/secure.gravatar.com\/avatar\/b9bfd0ae9fe5f265ca374a47e31e95908defff2e33c918b6ed3c15d8d634566b?s=96&d=mm&r=g","caption":"C\u00e9cile Lucsko"},"url":"https:\/\/polinno.art\/index.php\/author\/cecile\/"}]}},"jetpack_featured_media_url":"","jetpack_sharing_enabled":true,"jetpack_shortlink":"https:\/\/wp.me\/paWIIL-Ey","jetpack_likes_enabled":true,"_links":{"self":[{"href":"https:\/\/polinno.art\/index.php\/wp-json\/wp\/v2\/posts\/2514","targetHints":{"allow":["GET"]}}],"collection":[{"href":"https:\/\/polinno.art\/index.php\/wp-json\/wp\/v2\/posts"}],"about":[{"href":"https:\/\/polinno.art\/index.php\/wp-json\/wp\/v2\/types\/post"}],"author":[{"embeddable":true,"href":"https:\/\/polinno.art\/index.php\/wp-json\/wp\/v2\/users\/4"}],"replies":[{"embeddable":true,"href":"https:\/\/polinno.art\/index.php\/wp-json\/wp\/v2\/comments?post=2514"}],"version-history":[{"count":1,"href":"https:\/\/polinno.art\/index.php\/wp-json\/wp\/v2\/posts\/2514\/revisions"}],"predecessor-version":[{"id":2520,"href":"https:\/\/polinno.art\/index.php\/wp-json\/wp\/v2\/posts\/2514\/revisions\/2520"}],"wp:attachment":[{"href":"https:\/\/polinno.art\/index.php\/wp-json\/wp\/v2\/media?parent=2514"}],"wp:term":[{"taxonomy":"category","embeddable":true,"href":"https:\/\/polinno.art\/index.php\/wp-json\/wp\/v2\/categories?post=2514"},{"taxonomy":"post_tag","embeddable":true,"href":"https:\/\/polinno.art\/index.php\/wp-json\/wp\/v2\/tags?post=2514"}],"curies":[{"name":"wp","href":"https:\/\/api.w.org\/{rel}","templated":true}]}}