{"id":2446,"date":"2021-02-19T16:03:35","date_gmt":"2021-02-19T15:03:35","guid":{"rendered":"http:\/\/polinno.art\/?p=2446"},"modified":"2021-02-19T16:04:01","modified_gmt":"2021-02-19T15:04:01","slug":"visite-du-president-du-departement-laurent-ughetto-au-polinno","status":"publish","type":"post","link":"https:\/\/polinno.art\/index.php\/2021\/02\/19\/visite-du-president-du-departement-laurent-ughetto-au-polinno\/","title":{"rendered":"Visite du pr\u00e9sident du d\u00e9partement Laurent Ughetto au Polinno"},"content":{"rendered":"\n<p>C\u2019est dans le cadre de sa visite cantonale des C\u00e9vennes Ard\u00e9choise ce jeudi 4 f\u00e9vrier que Laurent Ughetto accompagn\u00e9 des \u00e9lus du canton (B\u00e9rang\u00e8re Bastide et Raoul L\u2019herminier) a visiter le Polinno de Chandolas.Apr\u00e8s \u00eatre pass\u00e9 au Centre m\u00e9dico-social des Vans, puis au parc Photovolta\u00efque de Banne, le pr\u00e9sident du d\u00e9partement &#8211; rejoint par Christophe Deffreix pr\u00e9sident de la communaut\u00e9 de communes Beaume Drobie, Jo\u00ebl Fournier, pr\u00e9sident de la communaut\u00e9 de communes du Pays des Vans en C\u00e9vennes, Jean-fran\u00e7ois Thibon maire de Chandolas et Claude Vernet, pr\u00e9sident de \u2018l\u2019Agence des m\u00e9tiers d\u2019art &#8211; a assist\u00e9 \u00e0 la pr\u00e9sentation de ce bel outil par C\u00e9cile Lucsko.Le sujet de la participation du d\u00e9partement au fonctionnement du Polinno a \u00e9videmment \u00e9t\u00e9 \u00e9voqu\u00e9. Anne-Lise ROUSSY, une ancienne c\u00e9ramiste r\u00e9sidente de Pepit\u2019art a fait part de son exp\u00e9rience en expliquant utiliser r\u00e9guli\u00e8rement les machines du Fablab. Laurent Ughetto a \u00e9chang\u00e9 avec Florent Rubatatqui a expliqu\u00e9 qu\u2019un Fab Lab (contraction de l&rsquo;anglais fabrication laboratory, \u00ab laboratoire de fabrication \u00bb) est un lieu ouvert au public o\u00f9 il est mis \u00e0 sa disposition toutes sortes d&rsquo;outils, notamment des machines-outils pilot\u00e9es par ordinateur, pour la conception et la r\u00e9alisation d&rsquo;objets.Cecile Lukso a pr\u00e9sent\u00e9 l\u2019atelier d\u2019Elisa RAY, c\u00e9ramiste naturaliste, et la boutique collective dans laquelle il est possible d\u2019acheter des \u0153uvres.Ce bel outil, qui est mis \u00e0 la disposition des artistes pour mettre en \u0153uvre des savoir-faire complexes, a un rayonnement qui va au-del\u00e0 de l\u2019Ard\u00e8che M\u00e9ridionale.Le Pr\u00e9sident du Conseil D\u00e9partemental a \u00e9voqu\u00e9 avec les \u00e9lus la possibilit\u00e9 d\u2019int\u00e9grer des acteurs priv\u00e9s dans le cadre d\u2019un Partenariat Public-Priv\u00e9 pour faire fonctionner ce dispositif. Cependant , Christophe Deffreix ne s\u2019est pas priv\u00e9 de lancer un appel aux diff\u00e9rents responsables des collectivit\u00e9s \u00e0 participer \u00e0 ce projet. Ce sera un axe fort de la politique de la communaut\u00e9 de communes Beaume Drobie en 2021.<\/p>\n\n\n\n<figure class=\"wp-block-image size-large\"><img data-recalc-dims=\"1\" loading=\"lazy\" decoding=\"async\" width=\"525\" height=\"299\" data-attachment-id=\"2447\" data-permalink=\"https:\/\/polinno.art\/index.php\/2021\/02\/19\/visite-du-president-du-departement-laurent-ughetto-au-polinno\/image-1\/\" data-orig-file=\"https:\/\/i0.wp.com\/polinno.art\/wp-content\/uploads\/2021\/02\/image-1.png?fit=1241%2C707&amp;ssl=1\" data-orig-size=\"1241,707\" data-comments-opened=\"0\" data-image-meta=\"{&quot;aperture&quot;:&quot;0&quot;,&quot;credit&quot;:&quot;&quot;,&quot;camera&quot;:&quot;&quot;,&quot;caption&quot;:&quot;&quot;,&quot;created_timestamp&quot;:&quot;0&quot;,&quot;copyright&quot;:&quot;&quot;,&quot;focal_length&quot;:&quot;0&quot;,&quot;iso&quot;:&quot;0&quot;,&quot;shutter_speed&quot;:&quot;0&quot;,&quot;title&quot;:&quot;&quot;,&quot;orientation&quot;:&quot;0&quot;}\" data-image-title=\"image-1\" data-image-description=\"\" data-image-caption=\"\" data-large-file=\"https:\/\/i0.wp.com\/polinno.art\/wp-content\/uploads\/2021\/02\/image-1.png?fit=525%2C299&amp;ssl=1\" src=\"https:\/\/i0.wp.com\/polinno.art\/wp-content\/uploads\/2021\/02\/image-1.png?resize=525%2C299&#038;ssl=1\" alt=\"\" class=\"wp-image-2447\" srcset=\"https:\/\/i0.wp.com\/polinno.art\/wp-content\/uploads\/2021\/02\/image-1.png?resize=1024%2C583&amp;ssl=1 1024w, https:\/\/i0.wp.com\/polinno.art\/wp-content\/uploads\/2021\/02\/image-1.png?resize=300%2C171&amp;ssl=1 300w, https:\/\/i0.wp.com\/polinno.art\/wp-content\/uploads\/2021\/02\/image-1.png?resize=768%2C438&amp;ssl=1 768w, https:\/\/i0.wp.com\/polinno.art\/wp-content\/uploads\/2021\/02\/image-1.png?w=1241&amp;ssl=1 1241w\" sizes=\"auto, (max-width: 706px) 89vw, (max-width: 767px) 82vw, 740px\" \/><\/figure>\n","protected":false},"excerpt":{"rendered":"<p>C\u2019est dans le cadre de sa visite cantonale des C\u00e9vennes Ard\u00e9choise ce jeudi 4 f\u00e9vrier que Laurent Ughetto accompagn\u00e9 des \u00e9lus du canton (B\u00e9rang\u00e8re Bastide et Raoul L\u2019herminier) a visiter &hellip; <\/p>\n<p class=\"link-more\"><a href=\"https:\/\/polinno.art\/index.php\/2021\/02\/19\/visite-du-president-du-departement-laurent-ughetto-au-polinno\/\" class=\"more-link\">Continuer la lecture<span class=\"screen-reader-text\"> de &laquo;&nbsp;Visite du pr\u00e9sident du d\u00e9partement Laurent Ughetto au Polinno&nbsp;&raquo;<\/span><\/a><\/p>\n","protected":false},"author":4,"featured_media":0,"comment_status":"closed","ping_status":"open","sticky":false,"template":"","format":"standard","meta":{"_jetpack_memberships_contains_paid_content":false,"footnotes":""},"categories":[14,1],"tags":[],"class_list":["post-2446","post","type-post","status-publish","format-standard","hentry","category-test","category-non-classe"],"yoast_head":"<!-- This site is optimized with the Yoast SEO plugin v27.5 - https:\/\/yoast.com\/product\/yoast-seo-wordpress\/ -->\n<title>Visite du pr\u00e9sident du d\u00e9partement Laurent Ughetto au Polinno - Polinno<\/title>\n<meta name=\"robots\" content=\"index, follow, max-snippet:-1, max-image-preview:large, max-video-preview:-1\" \/>\n<link rel=\"canonical\" href=\"https:\/\/polinno.art\/index.php\/2021\/02\/19\/visite-du-president-du-departement-laurent-ughetto-au-polinno\/\" \/>\n<meta property=\"og:locale\" content=\"fr_FR\" \/>\n<meta property=\"og:type\" content=\"article\" \/>\n<meta property=\"og:title\" content=\"Visite du pr\u00e9sident du d\u00e9partement Laurent Ughetto au Polinno - Polinno\" \/>\n<meta property=\"og:description\" content=\"C\u2019est dans le cadre de sa visite cantonale des C\u00e9vennes Ard\u00e9choise ce jeudi 4 f\u00e9vrier que Laurent Ughetto accompagn\u00e9 des \u00e9lus du canton (B\u00e9rang\u00e8re Bastide et Raoul L\u2019herminier) a visiter &hellip; Continuer la lecture de &laquo;&nbsp;Visite du pr\u00e9sident du d\u00e9partement Laurent Ughetto au Polinno&nbsp;&raquo;\" \/>\n<meta property=\"og:url\" content=\"https:\/\/polinno.art\/index.php\/2021\/02\/19\/visite-du-president-du-departement-laurent-ughetto-au-polinno\/\" \/>\n<meta property=\"og:site_name\" content=\"Polinno\" \/>\n<meta property=\"article:published_time\" content=\"2021-02-19T15:03:35+00:00\" \/>\n<meta property=\"article:modified_time\" content=\"2021-02-19T15:04:01+00:00\" \/>\n<meta property=\"og:image\" content=\"http:\/\/polinno.art\/wp-content\/uploads\/2021\/02\/image-1-1024x583.png\" \/>\n<meta name=\"author\" content=\"C\u00e9cile Lucsko\" \/>\n<meta name=\"twitter:card\" content=\"summary_large_image\" \/>\n<meta name=\"twitter:label1\" content=\"\u00c9crit par\" \/>\n\t<meta name=\"twitter:data1\" content=\"C\u00e9cile Lucsko\" \/>\n\t<meta name=\"twitter:label2\" content=\"Dur\u00e9e de lecture estim\u00e9e\" \/>\n\t<meta name=\"twitter:data2\" content=\"2 minutes\" \/>\n<script type=\"application\/ld+json\" class=\"yoast-schema-graph\">{\"@context\":\"https:\\\/\\\/schema.org\",\"@graph\":[{\"@type\":\"Article\",\"@id\":\"https:\\\/\\\/polinno.art\\\/index.php\\\/2021\\\/02\\\/19\\\/visite-du-president-du-departement-laurent-ughetto-au-polinno\\\/#article\",\"isPartOf\":{\"@id\":\"https:\\\/\\\/polinno.art\\\/index.php\\\/2021\\\/02\\\/19\\\/visite-du-president-du-departement-laurent-ughetto-au-polinno\\\/\"},\"author\":{\"name\":\"C\u00e9cile Lucsko\",\"@id\":\"https:\\\/\\\/polinno.art\\\/#\\\/schema\\\/person\\\/29d8a84119fba4ec86f303812be3abb2\"},\"headline\":\"Visite du pr\u00e9sident du d\u00e9partement Laurent Ughetto au Polinno\",\"datePublished\":\"2021-02-19T15:03:35+00:00\",\"dateModified\":\"2021-02-19T15:04:01+00:00\",\"mainEntityOfPage\":{\"@id\":\"https:\\\/\\\/polinno.art\\\/index.php\\\/2021\\\/02\\\/19\\\/visite-du-president-du-departement-laurent-ughetto-au-polinno\\\/\"},\"wordCount\":362,\"publisher\":{\"@id\":\"https:\\\/\\\/polinno.art\\\/#organization\"},\"image\":{\"@id\":\"https:\\\/\\\/polinno.art\\\/index.php\\\/2021\\\/02\\\/19\\\/visite-du-president-du-departement-laurent-ughetto-au-polinno\\\/#primaryimage\"},\"thumbnailUrl\":\"http:\\\/\\\/polinno.art\\\/wp-content\\\/uploads\\\/2021\\\/02\\\/image-1-1024x583.png\",\"articleSection\":[\"Actualit\u00e9s\"],\"inLanguage\":\"fr-FR\"},{\"@type\":\"WebPage\",\"@id\":\"https:\\\/\\\/polinno.art\\\/index.php\\\/2021\\\/02\\\/19\\\/visite-du-president-du-departement-laurent-ughetto-au-polinno\\\/\",\"url\":\"https:\\\/\\\/polinno.art\\\/index.php\\\/2021\\\/02\\\/19\\\/visite-du-president-du-departement-laurent-ughetto-au-polinno\\\/\",\"name\":\"Visite du pr\u00e9sident du d\u00e9partement Laurent Ughetto au Polinno - Polinno\",\"isPartOf\":{\"@id\":\"https:\\\/\\\/polinno.art\\\/#website\"},\"primaryImageOfPage\":{\"@id\":\"https:\\\/\\\/polinno.art\\\/index.php\\\/2021\\\/02\\\/19\\\/visite-du-president-du-departement-laurent-ughetto-au-polinno\\\/#primaryimage\"},\"image\":{\"@id\":\"https:\\\/\\\/polinno.art\\\/index.php\\\/2021\\\/02\\\/19\\\/visite-du-president-du-departement-laurent-ughetto-au-polinno\\\/#primaryimage\"},\"thumbnailUrl\":\"http:\\\/\\\/polinno.art\\\/wp-content\\\/uploads\\\/2021\\\/02\\\/image-1-1024x583.png\",\"datePublished\":\"2021-02-19T15:03:35+00:00\",\"dateModified\":\"2021-02-19T15:04:01+00:00\",\"breadcrumb\":{\"@id\":\"https:\\\/\\\/polinno.art\\\/index.php\\\/2021\\\/02\\\/19\\\/visite-du-president-du-departement-laurent-ughetto-au-polinno\\\/#breadcrumb\"},\"inLanguage\":\"fr-FR\",\"potentialAction\":[{\"@type\":\"ReadAction\",\"target\":[\"https:\\\/\\\/polinno.art\\\/index.php\\\/2021\\\/02\\\/19\\\/visite-du-president-du-departement-laurent-ughetto-au-polinno\\\/\"]}]},{\"@type\":\"ImageObject\",\"inLanguage\":\"fr-FR\",\"@id\":\"https:\\\/\\\/polinno.art\\\/index.php\\\/2021\\\/02\\\/19\\\/visite-du-president-du-departement-laurent-ughetto-au-polinno\\\/#primaryimage\",\"url\":\"http:\\\/\\\/polinno.art\\\/wp-content\\\/uploads\\\/2021\\\/02\\\/image-1-1024x583.png\",\"contentUrl\":\"http:\\\/\\\/polinno.art\\\/wp-content\\\/uploads\\\/2021\\\/02\\\/image-1-1024x583.png\"},{\"@type\":\"BreadcrumbList\",\"@id\":\"https:\\\/\\\/polinno.art\\\/index.php\\\/2021\\\/02\\\/19\\\/visite-du-president-du-departement-laurent-ughetto-au-polinno\\\/#breadcrumb\",\"itemListElement\":[{\"@type\":\"ListItem\",\"position\":1,\"name\":\"Accueil\",\"item\":\"https:\\\/\\\/polinno.art\\\/\"},{\"@type\":\"ListItem\",\"position\":2,\"name\":\"Visite du pr\u00e9sident du d\u00e9partement Laurent Ughetto au Polinno\"}]},{\"@type\":\"WebSite\",\"@id\":\"https:\\\/\\\/polinno.art\\\/#website\",\"url\":\"https:\\\/\\\/polinno.art\\\/\",\"name\":\"polinno.art\",\"description\":\"P\u00f4le d&#039;innovation des m\u00e9tiers d&#039;art\",\"publisher\":{\"@id\":\"https:\\\/\\\/polinno.art\\\/#organization\"},\"potentialAction\":[{\"@type\":\"SearchAction\",\"target\":{\"@type\":\"EntryPoint\",\"urlTemplate\":\"https:\\\/\\\/polinno.art\\\/?s={search_term_string}\"},\"query-input\":{\"@type\":\"PropertyValueSpecification\",\"valueRequired\":true,\"valueName\":\"search_term_string\"}}],\"inLanguage\":\"fr-FR\"},{\"@type\":\"Organization\",\"@id\":\"https:\\\/\\\/polinno.art\\\/#organization\",\"name\":\"polinno.art\",\"url\":\"https:\\\/\\\/polinno.art\\\/\",\"logo\":{\"@type\":\"ImageObject\",\"inLanguage\":\"fr-FR\",\"@id\":\"https:\\\/\\\/polinno.art\\\/#\\\/schema\\\/logo\\\/image\\\/\",\"url\":\"https:\\\/\\\/i0.wp.com\\\/polinno.art\\\/wp-content\\\/uploads\\\/2019\\\/07\\\/polinno_logo.png?fit=442%2C482\",\"contentUrl\":\"https:\\\/\\\/i0.wp.com\\\/polinno.art\\\/wp-content\\\/uploads\\\/2019\\\/07\\\/polinno_logo.png?fit=442%2C482\",\"width\":442,\"height\":482,\"caption\":\"polinno.art\"},\"image\":{\"@id\":\"https:\\\/\\\/polinno.art\\\/#\\\/schema\\\/logo\\\/image\\\/\"}},{\"@type\":\"Person\",\"@id\":\"https:\\\/\\\/polinno.art\\\/#\\\/schema\\\/person\\\/29d8a84119fba4ec86f303812be3abb2\",\"name\":\"C\u00e9cile Lucsko\",\"image\":{\"@type\":\"ImageObject\",\"inLanguage\":\"fr-FR\",\"@id\":\"https:\\\/\\\/secure.gravatar.com\\\/avatar\\\/b9bfd0ae9fe5f265ca374a47e31e95908defff2e33c918b6ed3c15d8d634566b?s=96&d=mm&r=g\",\"url\":\"https:\\\/\\\/secure.gravatar.com\\\/avatar\\\/b9bfd0ae9fe5f265ca374a47e31e95908defff2e33c918b6ed3c15d8d634566b?s=96&d=mm&r=g\",\"contentUrl\":\"https:\\\/\\\/secure.gravatar.com\\\/avatar\\\/b9bfd0ae9fe5f265ca374a47e31e95908defff2e33c918b6ed3c15d8d634566b?s=96&d=mm&r=g\",\"caption\":\"C\u00e9cile Lucsko\"},\"url\":\"https:\\\/\\\/polinno.art\\\/index.php\\\/author\\\/cecile\\\/\"}]}<\/script>\n<!-- \/ Yoast SEO plugin. -->","yoast_head_json":{"title":"Visite du pr\u00e9sident du d\u00e9partement Laurent Ughetto au Polinno - Polinno","robots":{"index":"index","follow":"follow","max-snippet":"max-snippet:-1","max-image-preview":"max-image-preview:large","max-video-preview":"max-video-preview:-1"},"canonical":"https:\/\/polinno.art\/index.php\/2021\/02\/19\/visite-du-president-du-departement-laurent-ughetto-au-polinno\/","og_locale":"fr_FR","og_type":"article","og_title":"Visite du pr\u00e9sident du d\u00e9partement Laurent Ughetto au Polinno - Polinno","og_description":"C\u2019est dans le cadre de sa visite cantonale des C\u00e9vennes Ard\u00e9choise ce jeudi 4 f\u00e9vrier que Laurent Ughetto accompagn\u00e9 des \u00e9lus du canton (B\u00e9rang\u00e8re Bastide et Raoul L\u2019herminier) a visiter &hellip; Continuer la lecture de &laquo;&nbsp;Visite du pr\u00e9sident du d\u00e9partement Laurent Ughetto au Polinno&nbsp;&raquo;","og_url":"https:\/\/polinno.art\/index.php\/2021\/02\/19\/visite-du-president-du-departement-laurent-ughetto-au-polinno\/","og_site_name":"Polinno","article_published_time":"2021-02-19T15:03:35+00:00","article_modified_time":"2021-02-19T15:04:01+00:00","og_image":[{"url":"http:\/\/polinno.art\/wp-content\/uploads\/2021\/02\/image-1-1024x583.png","type":"","width":"","height":""}],"author":"C\u00e9cile Lucsko","twitter_card":"summary_large_image","twitter_misc":{"\u00c9crit par":"C\u00e9cile Lucsko","Dur\u00e9e de lecture estim\u00e9e":"2 minutes"},"schema":{"@context":"https:\/\/schema.org","@graph":[{"@type":"Article","@id":"https:\/\/polinno.art\/index.php\/2021\/02\/19\/visite-du-president-du-departement-laurent-ughetto-au-polinno\/#article","isPartOf":{"@id":"https:\/\/polinno.art\/index.php\/2021\/02\/19\/visite-du-president-du-departement-laurent-ughetto-au-polinno\/"},"author":{"name":"C\u00e9cile Lucsko","@id":"https:\/\/polinno.art\/#\/schema\/person\/29d8a84119fba4ec86f303812be3abb2"},"headline":"Visite du pr\u00e9sident du d\u00e9partement Laurent Ughetto au Polinno","datePublished":"2021-02-19T15:03:35+00:00","dateModified":"2021-02-19T15:04:01+00:00","mainEntityOfPage":{"@id":"https:\/\/polinno.art\/index.php\/2021\/02\/19\/visite-du-president-du-departement-laurent-ughetto-au-polinno\/"},"wordCount":362,"publisher":{"@id":"https:\/\/polinno.art\/#organization"},"image":{"@id":"https:\/\/polinno.art\/index.php\/2021\/02\/19\/visite-du-president-du-departement-laurent-ughetto-au-polinno\/#primaryimage"},"thumbnailUrl":"http:\/\/polinno.art\/wp-content\/uploads\/2021\/02\/image-1-1024x583.png","articleSection":["Actualit\u00e9s"],"inLanguage":"fr-FR"},{"@type":"WebPage","@id":"https:\/\/polinno.art\/index.php\/2021\/02\/19\/visite-du-president-du-departement-laurent-ughetto-au-polinno\/","url":"https:\/\/polinno.art\/index.php\/2021\/02\/19\/visite-du-president-du-departement-laurent-ughetto-au-polinno\/","name":"Visite du pr\u00e9sident du d\u00e9partement Laurent Ughetto au Polinno - Polinno","isPartOf":{"@id":"https:\/\/polinno.art\/#website"},"primaryImageOfPage":{"@id":"https:\/\/polinno.art\/index.php\/2021\/02\/19\/visite-du-president-du-departement-laurent-ughetto-au-polinno\/#primaryimage"},"image":{"@id":"https:\/\/polinno.art\/index.php\/2021\/02\/19\/visite-du-president-du-departement-laurent-ughetto-au-polinno\/#primaryimage"},"thumbnailUrl":"http:\/\/polinno.art\/wp-content\/uploads\/2021\/02\/image-1-1024x583.png","datePublished":"2021-02-19T15:03:35+00:00","dateModified":"2021-02-19T15:04:01+00:00","breadcrumb":{"@id":"https:\/\/polinno.art\/index.php\/2021\/02\/19\/visite-du-president-du-departement-laurent-ughetto-au-polinno\/#breadcrumb"},"inLanguage":"fr-FR","potentialAction":[{"@type":"ReadAction","target":["https:\/\/polinno.art\/index.php\/2021\/02\/19\/visite-du-president-du-departement-laurent-ughetto-au-polinno\/"]}]},{"@type":"ImageObject","inLanguage":"fr-FR","@id":"https:\/\/polinno.art\/index.php\/2021\/02\/19\/visite-du-president-du-departement-laurent-ughetto-au-polinno\/#primaryimage","url":"http:\/\/polinno.art\/wp-content\/uploads\/2021\/02\/image-1-1024x583.png","contentUrl":"http:\/\/polinno.art\/wp-content\/uploads\/2021\/02\/image-1-1024x583.png"},{"@type":"BreadcrumbList","@id":"https:\/\/polinno.art\/index.php\/2021\/02\/19\/visite-du-president-du-departement-laurent-ughetto-au-polinno\/#breadcrumb","itemListElement":[{"@type":"ListItem","position":1,"name":"Accueil","item":"https:\/\/polinno.art\/"},{"@type":"ListItem","position":2,"name":"Visite du pr\u00e9sident du d\u00e9partement Laurent Ughetto au Polinno"}]},{"@type":"WebSite","@id":"https:\/\/polinno.art\/#website","url":"https:\/\/polinno.art\/","name":"polinno.art","description":"P\u00f4le d&#039;innovation des m\u00e9tiers d&#039;art","publisher":{"@id":"https:\/\/polinno.art\/#organization"},"potentialAction":[{"@type":"SearchAction","target":{"@type":"EntryPoint","urlTemplate":"https:\/\/polinno.art\/?s={search_term_string}"},"query-input":{"@type":"PropertyValueSpecification","valueRequired":true,"valueName":"search_term_string"}}],"inLanguage":"fr-FR"},{"@type":"Organization","@id":"https:\/\/polinno.art\/#organization","name":"polinno.art","url":"https:\/\/polinno.art\/","logo":{"@type":"ImageObject","inLanguage":"fr-FR","@id":"https:\/\/polinno.art\/#\/schema\/logo\/image\/","url":"https:\/\/i0.wp.com\/polinno.art\/wp-content\/uploads\/2019\/07\/polinno_logo.png?fit=442%2C482","contentUrl":"https:\/\/i0.wp.com\/polinno.art\/wp-content\/uploads\/2019\/07\/polinno_logo.png?fit=442%2C482","width":442,"height":482,"caption":"polinno.art"},"image":{"@id":"https:\/\/polinno.art\/#\/schema\/logo\/image\/"}},{"@type":"Person","@id":"https:\/\/polinno.art\/#\/schema\/person\/29d8a84119fba4ec86f303812be3abb2","name":"C\u00e9cile Lucsko","image":{"@type":"ImageObject","inLanguage":"fr-FR","@id":"https:\/\/secure.gravatar.com\/avatar\/b9bfd0ae9fe5f265ca374a47e31e95908defff2e33c918b6ed3c15d8d634566b?s=96&d=mm&r=g","url":"https:\/\/secure.gravatar.com\/avatar\/b9bfd0ae9fe5f265ca374a47e31e95908defff2e33c918b6ed3c15d8d634566b?s=96&d=mm&r=g","contentUrl":"https:\/\/secure.gravatar.com\/avatar\/b9bfd0ae9fe5f265ca374a47e31e95908defff2e33c918b6ed3c15d8d634566b?s=96&d=mm&r=g","caption":"C\u00e9cile Lucsko"},"url":"https:\/\/polinno.art\/index.php\/author\/cecile\/"}]}},"jetpack_featured_media_url":"","jetpack_sharing_enabled":true,"jetpack_shortlink":"https:\/\/wp.me\/paWIIL-Ds","jetpack_likes_enabled":true,"_links":{"self":[{"href":"https:\/\/polinno.art\/index.php\/wp-json\/wp\/v2\/posts\/2446","targetHints":{"allow":["GET"]}}],"collection":[{"href":"https:\/\/polinno.art\/index.php\/wp-json\/wp\/v2\/posts"}],"about":[{"href":"https:\/\/polinno.art\/index.php\/wp-json\/wp\/v2\/types\/post"}],"author":[{"embeddable":true,"href":"https:\/\/polinno.art\/index.php\/wp-json\/wp\/v2\/users\/4"}],"replies":[{"embeddable":true,"href":"https:\/\/polinno.art\/index.php\/wp-json\/wp\/v2\/comments?post=2446"}],"version-history":[{"count":1,"href":"https:\/\/polinno.art\/index.php\/wp-json\/wp\/v2\/posts\/2446\/revisions"}],"predecessor-version":[{"id":2448,"href":"https:\/\/polinno.art\/index.php\/wp-json\/wp\/v2\/posts\/2446\/revisions\/2448"}],"wp:attachment":[{"href":"https:\/\/polinno.art\/index.php\/wp-json\/wp\/v2\/media?parent=2446"}],"wp:term":[{"taxonomy":"category","embeddable":true,"href":"https:\/\/polinno.art\/index.php\/wp-json\/wp\/v2\/categories?post=2446"},{"taxonomy":"post_tag","embeddable":true,"href":"https:\/\/polinno.art\/index.php\/wp-json\/wp\/v2\/tags?post=2446"}],"curies":[{"name":"wp","href":"https:\/\/api.w.org\/{rel}","templated":true}]}}