{"id":2349,"date":"2020-05-18T22:38:51","date_gmt":"2020-05-18T20:38:51","guid":{"rendered":"http:\/\/polinno.art\/?p=2349"},"modified":"2020-05-18T22:39:23","modified_gmt":"2020-05-18T20:39:23","slug":"reouverture-du-polinno","status":"publish","type":"post","link":"https:\/\/polinno.art\/index.php\/2020\/05\/18\/reouverture-du-polinno\/","title":{"rendered":"R\u00e9ouverture du Polinno"},"content":{"rendered":"\n<p>Youppiii, le Polinno a r\u00e9ouvert !<br>Apr\u00e8s ces longues semaines de confinement, le Polinno est de nouveau ouvert :<br>\u23e9le fablab peut recevoir les professionnels les mardis et mercredi sur rdv (<a rel=\"noreferrer noopener\" href=\"https:\/\/polinno.art\/index.php\/equipement-du-fablab\/?fbclid=IwAR01mcrO97-0rXYAIaWqkIzNuaE1nSMl-druNyLqDd20IN6ta-Fcqmh8f4k\" target=\"_blank\">https:\/\/polinno.art\/index.php\/equipement-du-fablab\/<\/a>)<br>\u23e9\u00a0la boutique est ouverte aux horaires habituels, sauf les samedis (<a rel=\"noreferrer noopener\" href=\"https:\/\/polinno.art\/index.php\/2020\/03\/24\/la-boutique\/?fbclid=IwAR0mPfyBHj7p4aNv_f0q3n2U90RconeCcRK6ogCq4WZmrklhVreQ5VJ42S8\" target=\"_blank\">https:\/\/polinno.art\/index.php\/2020\/03\/24\/la-boutique\/<\/a>)<br>\u23e9les artisans d&rsquo;art vous accueillent dans leurs ateliers toute la semaine (<a rel=\"noreferrer noopener\" href=\"https:\/\/polinno.art\/index.php\/2019\/08\/08\/les-residents-de-pepitart\/?fbclid=IwAR0S7mARi9U7owG3_LyVo0mQ46kkmfGieWSswCV-y6C4QWM925N8c7sBsQk\" target=\"_blank\">https:\/\/polinno.art\/index.php\/\u2026\/08\/les-residents-de-pepitart\/<\/a>)<br>\ud83d\udd3aUn protocole pr\u00e9cis a \u00e9t\u00e9 adopt\u00e9 pour vous accueillir dans des conditions qui respectent les mesures de d\u00e9confinement.<br>Contacts :\u00a0<a rel=\"noreferrer noopener\" href=\"https:\/\/polinno.art\/index.php\/contact\/?fbclid=IwAR3KhEZZoT107pFh5YUPmX9vVrohJaFbAnW9BaoPnBv1ShDar4XgDuW5P1c\" target=\"_blank\">https:\/\/polinno.art\/index.php\/contact\/<\/a><\/p>\n\n\n\n<figure class=\"wp-block-image size-large\"><img loading=\"lazy\" decoding=\"async\" width=\"1413\" height=\"2000\" data-attachment-id=\"2350\" data-permalink=\"https:\/\/polinno.art\/index.php\/2020\/05\/18\/reouverture-du-polinno\/recto-plaquette-a5-2\/\" data-orig-file=\"https:\/\/i0.wp.com\/polinno.art\/wp-content\/uploads\/2020\/05\/recto-plaquette-a5-2.png?fit=1413%2C2000&amp;ssl=1\" data-orig-size=\"1413,2000\" data-comments-opened=\"0\" data-image-meta=\"{&quot;aperture&quot;:&quot;0&quot;,&quot;credit&quot;:&quot;&quot;,&quot;camera&quot;:&quot;&quot;,&quot;caption&quot;:&quot;&quot;,&quot;created_timestamp&quot;:&quot;0&quot;,&quot;copyright&quot;:&quot;&quot;,&quot;focal_length&quot;:&quot;0&quot;,&quot;iso&quot;:&quot;0&quot;,&quot;shutter_speed&quot;:&quot;0&quot;,&quot;title&quot;:&quot;&quot;,&quot;orientation&quot;:&quot;0&quot;}\" data-image-title=\"recto-plaquette-a5-2\" data-image-description=\"\" data-image-caption=\"\" data-large-file=\"https:\/\/i0.wp.com\/polinno.art\/wp-content\/uploads\/2020\/05\/recto-plaquette-a5-2.png?fit=525%2C744&amp;ssl=1\" src=\"https:\/\/i0.wp.com\/polinno.art\/wp-content\/uploads\/2020\/05\/recto-plaquette-a5-2.png?fit=525%2C744\" alt=\"\" class=\"wp-image-2350\" srcset=\"https:\/\/i0.wp.com\/polinno.art\/wp-content\/uploads\/2020\/05\/recto-plaquette-a5-2.png?w=1413&amp;ssl=1 1413w, https:\/\/i0.wp.com\/polinno.art\/wp-content\/uploads\/2020\/05\/recto-plaquette-a5-2.png?resize=212%2C300&amp;ssl=1 212w, https:\/\/i0.wp.com\/polinno.art\/wp-content\/uploads\/2020\/05\/recto-plaquette-a5-2.png?resize=723%2C1024&amp;ssl=1 723w, https:\/\/i0.wp.com\/polinno.art\/wp-content\/uploads\/2020\/05\/recto-plaquette-a5-2.png?resize=768%2C1087&amp;ssl=1 768w, https:\/\/i0.wp.com\/polinno.art\/wp-content\/uploads\/2020\/05\/recto-plaquette-a5-2.png?resize=1085%2C1536&amp;ssl=1 1085w\" sizes=\"auto, (max-width: 706px) 89vw, (max-width: 767px) 82vw, 740px\" \/><\/figure>\n","protected":false},"excerpt":{"rendered":"<p>Youppiii, le Polinno a r\u00e9ouvert !Apr\u00e8s ces longues semaines de confinement, le Polinno est de nouveau ouvert :\u23e9le fablab peut recevoir les professionnels les mardis et mercredi sur rdv (https:\/\/polinno.art\/index.php\/equipement-du-fablab\/)\u23e9\u00a0la &hellip; <\/p>\n<p class=\"link-more\"><a href=\"https:\/\/polinno.art\/index.php\/2020\/05\/18\/reouverture-du-polinno\/\" class=\"more-link\">Continuer la lecture<span class=\"screen-reader-text\"> de &laquo;&nbsp;R\u00e9ouverture du Polinno&nbsp;&raquo;<\/span><\/a><\/p>\n","protected":false},"author":4,"featured_media":0,"comment_status":"closed","ping_status":"open","sticky":false,"template":"","format":"standard","meta":{"_jetpack_memberships_contains_paid_content":false,"footnotes":""},"categories":[14,1],"tags":[],"class_list":["post-2349","post","type-post","status-publish","format-standard","hentry","category-test","category-non-classe"],"yoast_head":"<!-- This site is optimized with the Yoast SEO plugin v27.5 - https:\/\/yoast.com\/product\/yoast-seo-wordpress\/ -->\n<title>R\u00e9ouverture du Polinno - Polinno<\/title>\n<meta name=\"robots\" content=\"index, follow, max-snippet:-1, max-image-preview:large, max-video-preview:-1\" \/>\n<link rel=\"canonical\" href=\"https:\/\/polinno.art\/index.php\/2020\/05\/18\/reouverture-du-polinno\/\" \/>\n<meta property=\"og:locale\" content=\"fr_FR\" \/>\n<meta property=\"og:type\" content=\"article\" \/>\n<meta property=\"og:title\" content=\"R\u00e9ouverture du Polinno - Polinno\" \/>\n<meta property=\"og:description\" content=\"Youppiii, le Polinno a r\u00e9ouvert !Apr\u00e8s ces longues semaines de confinement, le Polinno est de nouveau ouvert :\u23e9le fablab peut recevoir les professionnels les mardis et mercredi sur rdv (https:\/\/polinno.art\/index.php\/equipement-du-fablab\/)\u23e9\u00a0la &hellip; Continuer la lecture de &laquo;&nbsp;R\u00e9ouverture du Polinno&nbsp;&raquo;\" \/>\n<meta property=\"og:url\" content=\"https:\/\/polinno.art\/index.php\/2020\/05\/18\/reouverture-du-polinno\/\" \/>\n<meta property=\"og:site_name\" content=\"Polinno\" \/>\n<meta property=\"article:published_time\" content=\"2020-05-18T20:38:51+00:00\" \/>\n<meta property=\"article:modified_time\" content=\"2020-05-18T20:39:23+00:00\" \/>\n<meta property=\"og:image\" content=\"https:\/\/i0.wp.com\/polinno.art\/wp-content\/uploads\/2020\/05\/recto-plaquette-a5-2.png?fit=525%2C744\" \/>\n<meta name=\"author\" content=\"C\u00e9cile Lucsko\" \/>\n<meta name=\"twitter:card\" content=\"summary_large_image\" \/>\n<meta name=\"twitter:label1\" content=\"\u00c9crit par\" \/>\n\t<meta name=\"twitter:data1\" content=\"C\u00e9cile Lucsko\" \/>\n<script type=\"application\/ld+json\" class=\"yoast-schema-graph\">{\"@context\":\"https:\\\/\\\/schema.org\",\"@graph\":[{\"@type\":\"Article\",\"@id\":\"https:\\\/\\\/polinno.art\\\/index.php\\\/2020\\\/05\\\/18\\\/reouverture-du-polinno\\\/#article\",\"isPartOf\":{\"@id\":\"https:\\\/\\\/polinno.art\\\/index.php\\\/2020\\\/05\\\/18\\\/reouverture-du-polinno\\\/\"},\"author\":{\"name\":\"C\u00e9cile Lucsko\",\"@id\":\"https:\\\/\\\/polinno.art\\\/#\\\/schema\\\/person\\\/29d8a84119fba4ec86f303812be3abb2\"},\"headline\":\"R\u00e9ouverture du Polinno\",\"datePublished\":\"2020-05-18T20:38:51+00:00\",\"dateModified\":\"2020-05-18T20:39:23+00:00\",\"mainEntityOfPage\":{\"@id\":\"https:\\\/\\\/polinno.art\\\/index.php\\\/2020\\\/05\\\/18\\\/reouverture-du-polinno\\\/\"},\"wordCount\":102,\"publisher\":{\"@id\":\"https:\\\/\\\/polinno.art\\\/#organization\"},\"image\":{\"@id\":\"https:\\\/\\\/polinno.art\\\/index.php\\\/2020\\\/05\\\/18\\\/reouverture-du-polinno\\\/#primaryimage\"},\"thumbnailUrl\":\"https:\\\/\\\/i0.wp.com\\\/polinno.art\\\/wp-content\\\/uploads\\\/2020\\\/05\\\/recto-plaquette-a5-2.png?fit=525%2C744\",\"articleSection\":[\"Actualit\u00e9s\"],\"inLanguage\":\"fr-FR\"},{\"@type\":\"WebPage\",\"@id\":\"https:\\\/\\\/polinno.art\\\/index.php\\\/2020\\\/05\\\/18\\\/reouverture-du-polinno\\\/\",\"url\":\"https:\\\/\\\/polinno.art\\\/index.php\\\/2020\\\/05\\\/18\\\/reouverture-du-polinno\\\/\",\"name\":\"R\u00e9ouverture du Polinno - Polinno\",\"isPartOf\":{\"@id\":\"https:\\\/\\\/polinno.art\\\/#website\"},\"primaryImageOfPage\":{\"@id\":\"https:\\\/\\\/polinno.art\\\/index.php\\\/2020\\\/05\\\/18\\\/reouverture-du-polinno\\\/#primaryimage\"},\"image\":{\"@id\":\"https:\\\/\\\/polinno.art\\\/index.php\\\/2020\\\/05\\\/18\\\/reouverture-du-polinno\\\/#primaryimage\"},\"thumbnailUrl\":\"https:\\\/\\\/i0.wp.com\\\/polinno.art\\\/wp-content\\\/uploads\\\/2020\\\/05\\\/recto-plaquette-a5-2.png?fit=525%2C744\",\"datePublished\":\"2020-05-18T20:38:51+00:00\",\"dateModified\":\"2020-05-18T20:39:23+00:00\",\"breadcrumb\":{\"@id\":\"https:\\\/\\\/polinno.art\\\/index.php\\\/2020\\\/05\\\/18\\\/reouverture-du-polinno\\\/#breadcrumb\"},\"inLanguage\":\"fr-FR\",\"potentialAction\":[{\"@type\":\"ReadAction\",\"target\":[\"https:\\\/\\\/polinno.art\\\/index.php\\\/2020\\\/05\\\/18\\\/reouverture-du-polinno\\\/\"]}]},{\"@type\":\"ImageObject\",\"inLanguage\":\"fr-FR\",\"@id\":\"https:\\\/\\\/polinno.art\\\/index.php\\\/2020\\\/05\\\/18\\\/reouverture-du-polinno\\\/#primaryimage\",\"url\":\"https:\\\/\\\/i0.wp.com\\\/polinno.art\\\/wp-content\\\/uploads\\\/2020\\\/05\\\/recto-plaquette-a5-2.png?fit=525%2C744\",\"contentUrl\":\"https:\\\/\\\/i0.wp.com\\\/polinno.art\\\/wp-content\\\/uploads\\\/2020\\\/05\\\/recto-plaquette-a5-2.png?fit=525%2C744\"},{\"@type\":\"BreadcrumbList\",\"@id\":\"https:\\\/\\\/polinno.art\\\/index.php\\\/2020\\\/05\\\/18\\\/reouverture-du-polinno\\\/#breadcrumb\",\"itemListElement\":[{\"@type\":\"ListItem\",\"position\":1,\"name\":\"Accueil\",\"item\":\"https:\\\/\\\/polinno.art\\\/\"},{\"@type\":\"ListItem\",\"position\":2,\"name\":\"R\u00e9ouverture du Polinno\"}]},{\"@type\":\"WebSite\",\"@id\":\"https:\\\/\\\/polinno.art\\\/#website\",\"url\":\"https:\\\/\\\/polinno.art\\\/\",\"name\":\"polinno.art\",\"description\":\"P\u00f4le d&#039;innovation des m\u00e9tiers d&#039;art\",\"publisher\":{\"@id\":\"https:\\\/\\\/polinno.art\\\/#organization\"},\"potentialAction\":[{\"@type\":\"SearchAction\",\"target\":{\"@type\":\"EntryPoint\",\"urlTemplate\":\"https:\\\/\\\/polinno.art\\\/?s={search_term_string}\"},\"query-input\":{\"@type\":\"PropertyValueSpecification\",\"valueRequired\":true,\"valueName\":\"search_term_string\"}}],\"inLanguage\":\"fr-FR\"},{\"@type\":\"Organization\",\"@id\":\"https:\\\/\\\/polinno.art\\\/#organization\",\"name\":\"polinno.art\",\"url\":\"https:\\\/\\\/polinno.art\\\/\",\"logo\":{\"@type\":\"ImageObject\",\"inLanguage\":\"fr-FR\",\"@id\":\"https:\\\/\\\/polinno.art\\\/#\\\/schema\\\/logo\\\/image\\\/\",\"url\":\"https:\\\/\\\/i0.wp.com\\\/polinno.art\\\/wp-content\\\/uploads\\\/2019\\\/07\\\/polinno_logo.png?fit=442%2C482\",\"contentUrl\":\"https:\\\/\\\/i0.wp.com\\\/polinno.art\\\/wp-content\\\/uploads\\\/2019\\\/07\\\/polinno_logo.png?fit=442%2C482\",\"width\":442,\"height\":482,\"caption\":\"polinno.art\"},\"image\":{\"@id\":\"https:\\\/\\\/polinno.art\\\/#\\\/schema\\\/logo\\\/image\\\/\"}},{\"@type\":\"Person\",\"@id\":\"https:\\\/\\\/polinno.art\\\/#\\\/schema\\\/person\\\/29d8a84119fba4ec86f303812be3abb2\",\"name\":\"C\u00e9cile Lucsko\",\"image\":{\"@type\":\"ImageObject\",\"inLanguage\":\"fr-FR\",\"@id\":\"https:\\\/\\\/secure.gravatar.com\\\/avatar\\\/b9bfd0ae9fe5f265ca374a47e31e95908defff2e33c918b6ed3c15d8d634566b?s=96&d=mm&r=g\",\"url\":\"https:\\\/\\\/secure.gravatar.com\\\/avatar\\\/b9bfd0ae9fe5f265ca374a47e31e95908defff2e33c918b6ed3c15d8d634566b?s=96&d=mm&r=g\",\"contentUrl\":\"https:\\\/\\\/secure.gravatar.com\\\/avatar\\\/b9bfd0ae9fe5f265ca374a47e31e95908defff2e33c918b6ed3c15d8d634566b?s=96&d=mm&r=g\",\"caption\":\"C\u00e9cile Lucsko\"},\"url\":\"https:\\\/\\\/polinno.art\\\/index.php\\\/author\\\/cecile\\\/\"}]}<\/script>\n<!-- \/ Yoast SEO plugin. -->","yoast_head_json":{"title":"R\u00e9ouverture du Polinno - Polinno","robots":{"index":"index","follow":"follow","max-snippet":"max-snippet:-1","max-image-preview":"max-image-preview:large","max-video-preview":"max-video-preview:-1"},"canonical":"https:\/\/polinno.art\/index.php\/2020\/05\/18\/reouverture-du-polinno\/","og_locale":"fr_FR","og_type":"article","og_title":"R\u00e9ouverture du Polinno - Polinno","og_description":"Youppiii, le Polinno a r\u00e9ouvert !Apr\u00e8s ces longues semaines de confinement, le Polinno est de nouveau ouvert :\u23e9le fablab peut recevoir les professionnels les mardis et mercredi sur rdv (https:\/\/polinno.art\/index.php\/equipement-du-fablab\/)\u23e9\u00a0la &hellip; Continuer la lecture de &laquo;&nbsp;R\u00e9ouverture du Polinno&nbsp;&raquo;","og_url":"https:\/\/polinno.art\/index.php\/2020\/05\/18\/reouverture-du-polinno\/","og_site_name":"Polinno","article_published_time":"2020-05-18T20:38:51+00:00","article_modified_time":"2020-05-18T20:39:23+00:00","og_image":[{"url":"https:\/\/i0.wp.com\/polinno.art\/wp-content\/uploads\/2020\/05\/recto-plaquette-a5-2.png?fit=525%2C744","type":"","width":"","height":""}],"author":"C\u00e9cile Lucsko","twitter_card":"summary_large_image","twitter_misc":{"\u00c9crit par":"C\u00e9cile Lucsko"},"schema":{"@context":"https:\/\/schema.org","@graph":[{"@type":"Article","@id":"https:\/\/polinno.art\/index.php\/2020\/05\/18\/reouverture-du-polinno\/#article","isPartOf":{"@id":"https:\/\/polinno.art\/index.php\/2020\/05\/18\/reouverture-du-polinno\/"},"author":{"name":"C\u00e9cile Lucsko","@id":"https:\/\/polinno.art\/#\/schema\/person\/29d8a84119fba4ec86f303812be3abb2"},"headline":"R\u00e9ouverture du Polinno","datePublished":"2020-05-18T20:38:51+00:00","dateModified":"2020-05-18T20:39:23+00:00","mainEntityOfPage":{"@id":"https:\/\/polinno.art\/index.php\/2020\/05\/18\/reouverture-du-polinno\/"},"wordCount":102,"publisher":{"@id":"https:\/\/polinno.art\/#organization"},"image":{"@id":"https:\/\/polinno.art\/index.php\/2020\/05\/18\/reouverture-du-polinno\/#primaryimage"},"thumbnailUrl":"https:\/\/i0.wp.com\/polinno.art\/wp-content\/uploads\/2020\/05\/recto-plaquette-a5-2.png?fit=525%2C744","articleSection":["Actualit\u00e9s"],"inLanguage":"fr-FR"},{"@type":"WebPage","@id":"https:\/\/polinno.art\/index.php\/2020\/05\/18\/reouverture-du-polinno\/","url":"https:\/\/polinno.art\/index.php\/2020\/05\/18\/reouverture-du-polinno\/","name":"R\u00e9ouverture du Polinno - Polinno","isPartOf":{"@id":"https:\/\/polinno.art\/#website"},"primaryImageOfPage":{"@id":"https:\/\/polinno.art\/index.php\/2020\/05\/18\/reouverture-du-polinno\/#primaryimage"},"image":{"@id":"https:\/\/polinno.art\/index.php\/2020\/05\/18\/reouverture-du-polinno\/#primaryimage"},"thumbnailUrl":"https:\/\/i0.wp.com\/polinno.art\/wp-content\/uploads\/2020\/05\/recto-plaquette-a5-2.png?fit=525%2C744","datePublished":"2020-05-18T20:38:51+00:00","dateModified":"2020-05-18T20:39:23+00:00","breadcrumb":{"@id":"https:\/\/polinno.art\/index.php\/2020\/05\/18\/reouverture-du-polinno\/#breadcrumb"},"inLanguage":"fr-FR","potentialAction":[{"@type":"ReadAction","target":["https:\/\/polinno.art\/index.php\/2020\/05\/18\/reouverture-du-polinno\/"]}]},{"@type":"ImageObject","inLanguage":"fr-FR","@id":"https:\/\/polinno.art\/index.php\/2020\/05\/18\/reouverture-du-polinno\/#primaryimage","url":"https:\/\/i0.wp.com\/polinno.art\/wp-content\/uploads\/2020\/05\/recto-plaquette-a5-2.png?fit=525%2C744","contentUrl":"https:\/\/i0.wp.com\/polinno.art\/wp-content\/uploads\/2020\/05\/recto-plaquette-a5-2.png?fit=525%2C744"},{"@type":"BreadcrumbList","@id":"https:\/\/polinno.art\/index.php\/2020\/05\/18\/reouverture-du-polinno\/#breadcrumb","itemListElement":[{"@type":"ListItem","position":1,"name":"Accueil","item":"https:\/\/polinno.art\/"},{"@type":"ListItem","position":2,"name":"R\u00e9ouverture du Polinno"}]},{"@type":"WebSite","@id":"https:\/\/polinno.art\/#website","url":"https:\/\/polinno.art\/","name":"polinno.art","description":"P\u00f4le d&#039;innovation des m\u00e9tiers d&#039;art","publisher":{"@id":"https:\/\/polinno.art\/#organization"},"potentialAction":[{"@type":"SearchAction","target":{"@type":"EntryPoint","urlTemplate":"https:\/\/polinno.art\/?s={search_term_string}"},"query-input":{"@type":"PropertyValueSpecification","valueRequired":true,"valueName":"search_term_string"}}],"inLanguage":"fr-FR"},{"@type":"Organization","@id":"https:\/\/polinno.art\/#organization","name":"polinno.art","url":"https:\/\/polinno.art\/","logo":{"@type":"ImageObject","inLanguage":"fr-FR","@id":"https:\/\/polinno.art\/#\/schema\/logo\/image\/","url":"https:\/\/i0.wp.com\/polinno.art\/wp-content\/uploads\/2019\/07\/polinno_logo.png?fit=442%2C482","contentUrl":"https:\/\/i0.wp.com\/polinno.art\/wp-content\/uploads\/2019\/07\/polinno_logo.png?fit=442%2C482","width":442,"height":482,"caption":"polinno.art"},"image":{"@id":"https:\/\/polinno.art\/#\/schema\/logo\/image\/"}},{"@type":"Person","@id":"https:\/\/polinno.art\/#\/schema\/person\/29d8a84119fba4ec86f303812be3abb2","name":"C\u00e9cile Lucsko","image":{"@type":"ImageObject","inLanguage":"fr-FR","@id":"https:\/\/secure.gravatar.com\/avatar\/b9bfd0ae9fe5f265ca374a47e31e95908defff2e33c918b6ed3c15d8d634566b?s=96&d=mm&r=g","url":"https:\/\/secure.gravatar.com\/avatar\/b9bfd0ae9fe5f265ca374a47e31e95908defff2e33c918b6ed3c15d8d634566b?s=96&d=mm&r=g","contentUrl":"https:\/\/secure.gravatar.com\/avatar\/b9bfd0ae9fe5f265ca374a47e31e95908defff2e33c918b6ed3c15d8d634566b?s=96&d=mm&r=g","caption":"C\u00e9cile Lucsko"},"url":"https:\/\/polinno.art\/index.php\/author\/cecile\/"}]}},"jetpack_featured_media_url":"","jetpack_sharing_enabled":true,"jetpack_shortlink":"https:\/\/wp.me\/paWIIL-BT","jetpack_likes_enabled":true,"_links":{"self":[{"href":"https:\/\/polinno.art\/index.php\/wp-json\/wp\/v2\/posts\/2349","targetHints":{"allow":["GET"]}}],"collection":[{"href":"https:\/\/polinno.art\/index.php\/wp-json\/wp\/v2\/posts"}],"about":[{"href":"https:\/\/polinno.art\/index.php\/wp-json\/wp\/v2\/types\/post"}],"author":[{"embeddable":true,"href":"https:\/\/polinno.art\/index.php\/wp-json\/wp\/v2\/users\/4"}],"replies":[{"embeddable":true,"href":"https:\/\/polinno.art\/index.php\/wp-json\/wp\/v2\/comments?post=2349"}],"version-history":[{"count":1,"href":"https:\/\/polinno.art\/index.php\/wp-json\/wp\/v2\/posts\/2349\/revisions"}],"predecessor-version":[{"id":2351,"href":"https:\/\/polinno.art\/index.php\/wp-json\/wp\/v2\/posts\/2349\/revisions\/2351"}],"wp:attachment":[{"href":"https:\/\/polinno.art\/index.php\/wp-json\/wp\/v2\/media?parent=2349"}],"wp:term":[{"taxonomy":"category","embeddable":true,"href":"https:\/\/polinno.art\/index.php\/wp-json\/wp\/v2\/categories?post=2349"},{"taxonomy":"post_tag","embeddable":true,"href":"https:\/\/polinno.art\/index.php\/wp-json\/wp\/v2\/tags?post=2349"}],"curies":[{"name":"wp","href":"https:\/\/api.w.org\/{rel}","templated":true}]}}