{"id":2171,"date":"2020-01-17T16:22:15","date_gmt":"2020-01-17T15:22:15","guid":{"rendered":"http:\/\/polinno.art\/?p=2171"},"modified":"2020-03-26T12:01:22","modified_gmt":"2020-03-26T11:01:22","slug":"appel-a-participations-residence-de-creation-de-mobilier-dexpo","status":"publish","type":"post","link":"https:\/\/polinno.art\/index.php\/2020\/01\/17\/appel-a-participations-residence-de-creation-de-mobilier-dexpo\/","title":{"rendered":"Appel \u00e0 participations : R\u00e9sidence de cr\u00e9ation de mobilier d&rsquo;expo."},"content":{"rendered":"\n<p class=\"has-text-color has-background has-text-align-center has-very-dark-gray-color has-luminous-vivid-amber-background-color\"><strong>Attention ! en raison du Convid-19, la r\u00e9sidence est repouss\u00e9e !!                             Plus d&rsquo;informations bient\u00f4t\u2026<\/strong><\/p>\n\n\n\n<figure class=\"wp-block-image size-large\"><img loading=\"lazy\" decoding=\"async\" width=\"1140\" height=\"570\" data-attachment-id=\"2172\" data-permalink=\"https:\/\/polinno.art\/index.php\/2020\/01\/17\/appel-a-participations-residence-de-creation-de-mobilier-dexpo\/nbanniere-actu-site\/\" data-orig-file=\"https:\/\/i0.wp.com\/polinno.art\/wp-content\/uploads\/2020\/01\/NBanni%C3%A8re-actu-site.png?fit=1140%2C570&amp;ssl=1\" data-orig-size=\"1140,570\" data-comments-opened=\"0\" data-image-meta=\"{&quot;aperture&quot;:&quot;0&quot;,&quot;credit&quot;:&quot;&quot;,&quot;camera&quot;:&quot;&quot;,&quot;caption&quot;:&quot;&quot;,&quot;created_timestamp&quot;:&quot;0&quot;,&quot;copyright&quot;:&quot;&quot;,&quot;focal_length&quot;:&quot;0&quot;,&quot;iso&quot;:&quot;0&quot;,&quot;shutter_speed&quot;:&quot;0&quot;,&quot;title&quot;:&quot;&quot;,&quot;orientation&quot;:&quot;0&quot;}\" data-image-title=\"NBanni\u00e8re-actu-site\" data-image-description=\"\" data-image-caption=\"\" data-large-file=\"https:\/\/i0.wp.com\/polinno.art\/wp-content\/uploads\/2020\/01\/NBanni%C3%A8re-actu-site.png?fit=525%2C263&amp;ssl=1\" src=\"https:\/\/i2.wp.com\/polinno.art\/wp-content\/uploads\/2020\/01\/NBanni\u00e8re-actu-site.png?fit=525%2C263\" alt=\"\" class=\"wp-image-2172\" srcset=\"https:\/\/i0.wp.com\/polinno.art\/wp-content\/uploads\/2020\/01\/NBanni%C3%A8re-actu-site.png?w=1140&amp;ssl=1 1140w, https:\/\/i0.wp.com\/polinno.art\/wp-content\/uploads\/2020\/01\/NBanni%C3%A8re-actu-site.png?resize=300%2C150&amp;ssl=1 300w, https:\/\/i0.wp.com\/polinno.art\/wp-content\/uploads\/2020\/01\/NBanni%C3%A8re-actu-site.png?resize=1024%2C512&amp;ssl=1 1024w, https:\/\/i0.wp.com\/polinno.art\/wp-content\/uploads\/2020\/01\/NBanni%C3%A8re-actu-site.png?resize=768%2C384&amp;ssl=1 768w\" sizes=\"auto, (max-width: 706px) 89vw, (max-width: 767px) 82vw, 740px\" \/><\/figure>\n\n\n\n<p> Le\u00a0<a rel=\"noreferrer noopener\" href=\"http:\/\/www.polinno.art\/\" target=\"_blank\">Polinno<\/a>\u00a0propose comme chaque ann\u00e9e une r\u00e9sidence cr\u00e9ative (voir r\u00e9sidence 2019\u00a0<a rel=\"noreferrer noopener\" href=\"https:\/\/polinno.art\/index.php\/2019\/03\/30\/action-de-prefiguration5-2019-residence-artistique-autour-de-la-creation-decrins\/\" target=\"_blank\">ici<\/a>) \u00e0 l\u2019occasion des\u00a0<a rel=\"noreferrer noopener\" href=\"https:\/\/www.journeesdesmetiersdart.fr\/\" target=\"_blank\">Journ\u00e9es europ\u00e9ennes des m\u00e9tiers d\u2019art<\/a>.\u00a0<strong>Pour ce printemps 2020, la r\u00e9sidence visera la cr\u00e9ation de mobilier d\u2019exposition par et pour les professionnels des m\u00e9tiers d\u2019art<\/strong>. Le but est de concevoir de mani\u00e8re collective une gamme de mobilier modulable pour chacun (formes, tailles, mat\u00e9riaux, gravures, couleur etc.)<br>Pour cela, durant la r\u00e9sidence, les professionnels des m\u00e9tiers d\u2019art int\u00e9ress\u00e9s plancheront \u00a0:\u00a0<br>&#8211; sur un\u00a0<strong>cahier des charges pr\u00e9cis,<\/strong>\u00a0selon des crit\u00e8res d\u00e9finis \u00e0 partir des exp\u00e9riences des uns et des autres (ex\u00a0: le mobilier doit \u00eatre solide, l\u00e9ger, r\u00e9sister aux intemp\u00e9ries, pliable pour rentrer dans un v\u00e9hicule, d\u00e9montable, grav\u00e9 du logo ou du nom de l\u2019artiste),<br>&#8211; et sur les\u00a0<strong>composantes de la gamme<\/strong>\u00a0(ex\u00a0: socles, pr\u00e9sentoirs verticaux, plans de travail, espaces de rangement, signal\u00e9tique etc.).<br>Ensuite, ils\u00a0<strong>fabriqueront au fablab leur propre mobilier<\/strong>\u00a0avec l\u2019aide du fabmanager. Il leur sera alors demand\u00e9 une participation pour les mat\u00e9riaux.<br>A l\u2019issue de cette r\u00e9sidence,\u00a0<strong>une expo-vente sera organis\u00e9e au Polinno<\/strong>. La gamme de mobilier y sera pr\u00e9sent\u00e9e, mais les JEMA sont surtout un pr\u00e9texte pour exposer les cr\u00e9ations des participants. L\u2019ant\u00e9riorit\u00e9 du Polinno en mati\u00e8re de participation aux JEMA nous permet d\u2019entrevoir une fr\u00e9quentation intense avec des ventes int\u00e9ressantes \u00e0 la cl\u00e9.<br>A terme, les plans et fichiers de cette gamme de mobilier co-con\u00e7ue seront accessibles \u00e0 tous les professionnels des m\u00e9tiers d\u2019art du territoire et modulables selon les besoins\u00a0: ils pourront ainsi venir au fablab leur propre mobilier sur mesure.<br><br><strong>Dates\u00a0:<\/strong> <strong><span style=\"text-decoration: underline;\">Attention, en raison du Covid-19, la r\u00e9sidence est repouss\u00e9e \u00e0 une date ult\u00e9rieure ! <\/span><\/strong><br>D\u00e9finition du cahier des charges et des \u00e9l\u00e9ments de la gamme\u00a0:\u00a0lundi 30 et mardi 31 mars,<br>Fabrication (il n\u2019y aura pas de miracle\u00a0: au mieux fabrication totale, au pire, une bonne partie&#8230;avec suite \u00e0 programmer au fablab juste apr\u00e8s les JEMA)\u00a0:\u00a0jeudi 2 et vendredi 3 avril<br>Exposition-vente\u00a0:\u00a0samedi 11 et dimanche 12 avril<\/p>\n\n\n\n<p>Pour candidater (<strong>jusqu\u2019au 31 janvier<\/strong>&nbsp;!) et pour plus d&rsquo;infos : cliquez&nbsp;<strong><a href=\"https:\/\/drive.google.com\/file\/d\/1F0bz3_XB8pMq4nv-SYECnbfHsvXoDagr\/view?usp=sharing\" target=\"_blank\" rel=\"noreferrer noopener\">ICI<\/a><\/strong>&nbsp;!\n\n<\/p>\n","protected":false},"excerpt":{"rendered":"<p>Attention ! en raison du Convid-19, la r\u00e9sidence est repouss\u00e9e !! Plus d&rsquo;informations bient\u00f4t\u2026 Le\u00a0Polinno\u00a0propose comme chaque ann\u00e9e une r\u00e9sidence cr\u00e9ative (voir r\u00e9sidence 2019\u00a0ici) \u00e0 l\u2019occasion des\u00a0Journ\u00e9es europ\u00e9ennes des m\u00e9tiers &hellip; <\/p>\n<p class=\"link-more\"><a href=\"https:\/\/polinno.art\/index.php\/2020\/01\/17\/appel-a-participations-residence-de-creation-de-mobilier-dexpo\/\" class=\"more-link\">Continuer la lecture<span class=\"screen-reader-text\"> de &laquo;&nbsp;Appel \u00e0 participations : R\u00e9sidence de cr\u00e9ation de mobilier d&rsquo;expo.&nbsp;&raquo;<\/span><\/a><\/p>\n","protected":false},"author":4,"featured_media":0,"comment_status":"closed","ping_status":"open","sticky":false,"template":"","format":"standard","meta":{"_jetpack_memberships_contains_paid_content":false,"footnotes":""},"categories":[14,58,1],"tags":[63],"class_list":["post-2171","post","type-post","status-publish","format-standard","hentry","category-test","category-actualites-pepitart-polinno","category-non-classe","tag-actualites"],"yoast_head":"<!-- This site is optimized with the Yoast SEO plugin v27.5 - https:\/\/yoast.com\/product\/yoast-seo-wordpress\/ -->\n<title>Appel \u00e0 participations : R\u00e9sidence de cr\u00e9ation de mobilier d&#039;expo. - Polinno<\/title>\n<meta name=\"robots\" content=\"index, follow, max-snippet:-1, max-image-preview:large, max-video-preview:-1\" \/>\n<link rel=\"canonical\" href=\"https:\/\/polinno.art\/index.php\/2020\/01\/17\/appel-a-participations-residence-de-creation-de-mobilier-dexpo\/\" \/>\n<meta property=\"og:locale\" content=\"fr_FR\" \/>\n<meta property=\"og:type\" content=\"article\" \/>\n<meta property=\"og:title\" content=\"Appel \u00e0 participations : R\u00e9sidence de cr\u00e9ation de mobilier d&#039;expo. - Polinno\" \/>\n<meta property=\"og:description\" content=\"Attention ! en raison du Convid-19, la r\u00e9sidence est repouss\u00e9e !! Plus d&rsquo;informations bient\u00f4t\u2026 Le\u00a0Polinno\u00a0propose comme chaque ann\u00e9e une r\u00e9sidence cr\u00e9ative (voir r\u00e9sidence 2019\u00a0ici) \u00e0 l\u2019occasion des\u00a0Journ\u00e9es europ\u00e9ennes des m\u00e9tiers &hellip; Continuer la lecture de &laquo;&nbsp;Appel \u00e0 participations : R\u00e9sidence de cr\u00e9ation de mobilier d&rsquo;expo.&nbsp;&raquo;\" \/>\n<meta property=\"og:url\" content=\"https:\/\/polinno.art\/index.php\/2020\/01\/17\/appel-a-participations-residence-de-creation-de-mobilier-dexpo\/\" \/>\n<meta property=\"og:site_name\" content=\"Polinno\" \/>\n<meta property=\"article:published_time\" content=\"2020-01-17T15:22:15+00:00\" \/>\n<meta property=\"article:modified_time\" content=\"2020-03-26T11:01:22+00:00\" \/>\n<meta name=\"author\" content=\"C\u00e9cile Lucsko\" \/>\n<meta name=\"twitter:card\" content=\"summary_large_image\" \/>\n<meta name=\"twitter:label1\" content=\"\u00c9crit par\" \/>\n\t<meta name=\"twitter:data1\" content=\"C\u00e9cile Lucsko\" \/>\n\t<meta name=\"twitter:label2\" content=\"Dur\u00e9e de lecture estim\u00e9e\" \/>\n\t<meta name=\"twitter:data2\" content=\"2 minutes\" \/>\n<script type=\"application\/ld+json\" class=\"yoast-schema-graph\">{\"@context\":\"https:\\\/\\\/schema.org\",\"@graph\":[{\"@type\":\"Article\",\"@id\":\"https:\\\/\\\/polinno.art\\\/index.php\\\/2020\\\/01\\\/17\\\/appel-a-participations-residence-de-creation-de-mobilier-dexpo\\\/#article\",\"isPartOf\":{\"@id\":\"https:\\\/\\\/polinno.art\\\/index.php\\\/2020\\\/01\\\/17\\\/appel-a-participations-residence-de-creation-de-mobilier-dexpo\\\/\"},\"author\":{\"name\":\"C\u00e9cile Lucsko\",\"@id\":\"https:\\\/\\\/polinno.art\\\/#\\\/schema\\\/person\\\/29d8a84119fba4ec86f303812be3abb2\"},\"headline\":\"Appel \u00e0 participations : R\u00e9sidence de cr\u00e9ation de mobilier d&rsquo;expo.\",\"datePublished\":\"2020-01-17T15:22:15+00:00\",\"dateModified\":\"2020-03-26T11:01:22+00:00\",\"mainEntityOfPage\":{\"@id\":\"https:\\\/\\\/polinno.art\\\/index.php\\\/2020\\\/01\\\/17\\\/appel-a-participations-residence-de-creation-de-mobilier-dexpo\\\/\"},\"wordCount\":408,\"publisher\":{\"@id\":\"https:\\\/\\\/polinno.art\\\/#organization\"},\"keywords\":[\"Actualit\u00e9s\"],\"articleSection\":[\"Actualit\u00e9s\",\"Actualit\u00e9s P\u00e9pit'art - Polinno\"],\"inLanguage\":\"fr-FR\"},{\"@type\":\"WebPage\",\"@id\":\"https:\\\/\\\/polinno.art\\\/index.php\\\/2020\\\/01\\\/17\\\/appel-a-participations-residence-de-creation-de-mobilier-dexpo\\\/\",\"url\":\"https:\\\/\\\/polinno.art\\\/index.php\\\/2020\\\/01\\\/17\\\/appel-a-participations-residence-de-creation-de-mobilier-dexpo\\\/\",\"name\":\"Appel \u00e0 participations : R\u00e9sidence de cr\u00e9ation de mobilier d'expo. - Polinno\",\"isPartOf\":{\"@id\":\"https:\\\/\\\/polinno.art\\\/#website\"},\"datePublished\":\"2020-01-17T15:22:15+00:00\",\"dateModified\":\"2020-03-26T11:01:22+00:00\",\"breadcrumb\":{\"@id\":\"https:\\\/\\\/polinno.art\\\/index.php\\\/2020\\\/01\\\/17\\\/appel-a-participations-residence-de-creation-de-mobilier-dexpo\\\/#breadcrumb\"},\"inLanguage\":\"fr-FR\",\"potentialAction\":[{\"@type\":\"ReadAction\",\"target\":[\"https:\\\/\\\/polinno.art\\\/index.php\\\/2020\\\/01\\\/17\\\/appel-a-participations-residence-de-creation-de-mobilier-dexpo\\\/\"]}]},{\"@type\":\"BreadcrumbList\",\"@id\":\"https:\\\/\\\/polinno.art\\\/index.php\\\/2020\\\/01\\\/17\\\/appel-a-participations-residence-de-creation-de-mobilier-dexpo\\\/#breadcrumb\",\"itemListElement\":[{\"@type\":\"ListItem\",\"position\":1,\"name\":\"Accueil\",\"item\":\"https:\\\/\\\/polinno.art\\\/\"},{\"@type\":\"ListItem\",\"position\":2,\"name\":\"Appel \u00e0 participations : R\u00e9sidence de cr\u00e9ation de mobilier d&rsquo;expo.\"}]},{\"@type\":\"WebSite\",\"@id\":\"https:\\\/\\\/polinno.art\\\/#website\",\"url\":\"https:\\\/\\\/polinno.art\\\/\",\"name\":\"polinno.art\",\"description\":\"P\u00f4le d&#039;innovation des m\u00e9tiers d&#039;art\",\"publisher\":{\"@id\":\"https:\\\/\\\/polinno.art\\\/#organization\"},\"potentialAction\":[{\"@type\":\"SearchAction\",\"target\":{\"@type\":\"EntryPoint\",\"urlTemplate\":\"https:\\\/\\\/polinno.art\\\/?s={search_term_string}\"},\"query-input\":{\"@type\":\"PropertyValueSpecification\",\"valueRequired\":true,\"valueName\":\"search_term_string\"}}],\"inLanguage\":\"fr-FR\"},{\"@type\":\"Organization\",\"@id\":\"https:\\\/\\\/polinno.art\\\/#organization\",\"name\":\"polinno.art\",\"url\":\"https:\\\/\\\/polinno.art\\\/\",\"logo\":{\"@type\":\"ImageObject\",\"inLanguage\":\"fr-FR\",\"@id\":\"https:\\\/\\\/polinno.art\\\/#\\\/schema\\\/logo\\\/image\\\/\",\"url\":\"https:\\\/\\\/i0.wp.com\\\/polinno.art\\\/wp-content\\\/uploads\\\/2019\\\/07\\\/polinno_logo.png?fit=442%2C482\",\"contentUrl\":\"https:\\\/\\\/i0.wp.com\\\/polinno.art\\\/wp-content\\\/uploads\\\/2019\\\/07\\\/polinno_logo.png?fit=442%2C482\",\"width\":442,\"height\":482,\"caption\":\"polinno.art\"},\"image\":{\"@id\":\"https:\\\/\\\/polinno.art\\\/#\\\/schema\\\/logo\\\/image\\\/\"}},{\"@type\":\"Person\",\"@id\":\"https:\\\/\\\/polinno.art\\\/#\\\/schema\\\/person\\\/29d8a84119fba4ec86f303812be3abb2\",\"name\":\"C\u00e9cile Lucsko\",\"image\":{\"@type\":\"ImageObject\",\"inLanguage\":\"fr-FR\",\"@id\":\"https:\\\/\\\/secure.gravatar.com\\\/avatar\\\/b9bfd0ae9fe5f265ca374a47e31e95908defff2e33c918b6ed3c15d8d634566b?s=96&d=mm&r=g\",\"url\":\"https:\\\/\\\/secure.gravatar.com\\\/avatar\\\/b9bfd0ae9fe5f265ca374a47e31e95908defff2e33c918b6ed3c15d8d634566b?s=96&d=mm&r=g\",\"contentUrl\":\"https:\\\/\\\/secure.gravatar.com\\\/avatar\\\/b9bfd0ae9fe5f265ca374a47e31e95908defff2e33c918b6ed3c15d8d634566b?s=96&d=mm&r=g\",\"caption\":\"C\u00e9cile Lucsko\"},\"url\":\"https:\\\/\\\/polinno.art\\\/index.php\\\/author\\\/cecile\\\/\"}]}<\/script>\n<!-- \/ Yoast SEO plugin. -->","yoast_head_json":{"title":"Appel \u00e0 participations : R\u00e9sidence de cr\u00e9ation de mobilier d'expo. - Polinno","robots":{"index":"index","follow":"follow","max-snippet":"max-snippet:-1","max-image-preview":"max-image-preview:large","max-video-preview":"max-video-preview:-1"},"canonical":"https:\/\/polinno.art\/index.php\/2020\/01\/17\/appel-a-participations-residence-de-creation-de-mobilier-dexpo\/","og_locale":"fr_FR","og_type":"article","og_title":"Appel \u00e0 participations : R\u00e9sidence de cr\u00e9ation de mobilier d'expo. - Polinno","og_description":"Attention ! en raison du Convid-19, la r\u00e9sidence est repouss\u00e9e !! Plus d&rsquo;informations bient\u00f4t\u2026 Le\u00a0Polinno\u00a0propose comme chaque ann\u00e9e une r\u00e9sidence cr\u00e9ative (voir r\u00e9sidence 2019\u00a0ici) \u00e0 l\u2019occasion des\u00a0Journ\u00e9es europ\u00e9ennes des m\u00e9tiers &hellip; Continuer la lecture de &laquo;&nbsp;Appel \u00e0 participations : R\u00e9sidence de cr\u00e9ation de mobilier d&rsquo;expo.&nbsp;&raquo;","og_url":"https:\/\/polinno.art\/index.php\/2020\/01\/17\/appel-a-participations-residence-de-creation-de-mobilier-dexpo\/","og_site_name":"Polinno","article_published_time":"2020-01-17T15:22:15+00:00","article_modified_time":"2020-03-26T11:01:22+00:00","author":"C\u00e9cile Lucsko","twitter_card":"summary_large_image","twitter_misc":{"\u00c9crit par":"C\u00e9cile Lucsko","Dur\u00e9e de lecture estim\u00e9e":"2 minutes"},"schema":{"@context":"https:\/\/schema.org","@graph":[{"@type":"Article","@id":"https:\/\/polinno.art\/index.php\/2020\/01\/17\/appel-a-participations-residence-de-creation-de-mobilier-dexpo\/#article","isPartOf":{"@id":"https:\/\/polinno.art\/index.php\/2020\/01\/17\/appel-a-participations-residence-de-creation-de-mobilier-dexpo\/"},"author":{"name":"C\u00e9cile Lucsko","@id":"https:\/\/polinno.art\/#\/schema\/person\/29d8a84119fba4ec86f303812be3abb2"},"headline":"Appel \u00e0 participations : R\u00e9sidence de cr\u00e9ation de mobilier d&rsquo;expo.","datePublished":"2020-01-17T15:22:15+00:00","dateModified":"2020-03-26T11:01:22+00:00","mainEntityOfPage":{"@id":"https:\/\/polinno.art\/index.php\/2020\/01\/17\/appel-a-participations-residence-de-creation-de-mobilier-dexpo\/"},"wordCount":408,"publisher":{"@id":"https:\/\/polinno.art\/#organization"},"keywords":["Actualit\u00e9s"],"articleSection":["Actualit\u00e9s","Actualit\u00e9s P\u00e9pit'art - Polinno"],"inLanguage":"fr-FR"},{"@type":"WebPage","@id":"https:\/\/polinno.art\/index.php\/2020\/01\/17\/appel-a-participations-residence-de-creation-de-mobilier-dexpo\/","url":"https:\/\/polinno.art\/index.php\/2020\/01\/17\/appel-a-participations-residence-de-creation-de-mobilier-dexpo\/","name":"Appel \u00e0 participations : R\u00e9sidence de cr\u00e9ation de mobilier d'expo. - Polinno","isPartOf":{"@id":"https:\/\/polinno.art\/#website"},"datePublished":"2020-01-17T15:22:15+00:00","dateModified":"2020-03-26T11:01:22+00:00","breadcrumb":{"@id":"https:\/\/polinno.art\/index.php\/2020\/01\/17\/appel-a-participations-residence-de-creation-de-mobilier-dexpo\/#breadcrumb"},"inLanguage":"fr-FR","potentialAction":[{"@type":"ReadAction","target":["https:\/\/polinno.art\/index.php\/2020\/01\/17\/appel-a-participations-residence-de-creation-de-mobilier-dexpo\/"]}]},{"@type":"BreadcrumbList","@id":"https:\/\/polinno.art\/index.php\/2020\/01\/17\/appel-a-participations-residence-de-creation-de-mobilier-dexpo\/#breadcrumb","itemListElement":[{"@type":"ListItem","position":1,"name":"Accueil","item":"https:\/\/polinno.art\/"},{"@type":"ListItem","position":2,"name":"Appel \u00e0 participations : R\u00e9sidence de cr\u00e9ation de mobilier d&rsquo;expo."}]},{"@type":"WebSite","@id":"https:\/\/polinno.art\/#website","url":"https:\/\/polinno.art\/","name":"polinno.art","description":"P\u00f4le d&#039;innovation des m\u00e9tiers d&#039;art","publisher":{"@id":"https:\/\/polinno.art\/#organization"},"potentialAction":[{"@type":"SearchAction","target":{"@type":"EntryPoint","urlTemplate":"https:\/\/polinno.art\/?s={search_term_string}"},"query-input":{"@type":"PropertyValueSpecification","valueRequired":true,"valueName":"search_term_string"}}],"inLanguage":"fr-FR"},{"@type":"Organization","@id":"https:\/\/polinno.art\/#organization","name":"polinno.art","url":"https:\/\/polinno.art\/","logo":{"@type":"ImageObject","inLanguage":"fr-FR","@id":"https:\/\/polinno.art\/#\/schema\/logo\/image\/","url":"https:\/\/i0.wp.com\/polinno.art\/wp-content\/uploads\/2019\/07\/polinno_logo.png?fit=442%2C482","contentUrl":"https:\/\/i0.wp.com\/polinno.art\/wp-content\/uploads\/2019\/07\/polinno_logo.png?fit=442%2C482","width":442,"height":482,"caption":"polinno.art"},"image":{"@id":"https:\/\/polinno.art\/#\/schema\/logo\/image\/"}},{"@type":"Person","@id":"https:\/\/polinno.art\/#\/schema\/person\/29d8a84119fba4ec86f303812be3abb2","name":"C\u00e9cile Lucsko","image":{"@type":"ImageObject","inLanguage":"fr-FR","@id":"https:\/\/secure.gravatar.com\/avatar\/b9bfd0ae9fe5f265ca374a47e31e95908defff2e33c918b6ed3c15d8d634566b?s=96&d=mm&r=g","url":"https:\/\/secure.gravatar.com\/avatar\/b9bfd0ae9fe5f265ca374a47e31e95908defff2e33c918b6ed3c15d8d634566b?s=96&d=mm&r=g","contentUrl":"https:\/\/secure.gravatar.com\/avatar\/b9bfd0ae9fe5f265ca374a47e31e95908defff2e33c918b6ed3c15d8d634566b?s=96&d=mm&r=g","caption":"C\u00e9cile Lucsko"},"url":"https:\/\/polinno.art\/index.php\/author\/cecile\/"}]}},"jetpack_featured_media_url":"","jetpack_sharing_enabled":true,"jetpack_shortlink":"https:\/\/wp.me\/paWIIL-z1","jetpack_likes_enabled":true,"_links":{"self":[{"href":"https:\/\/polinno.art\/index.php\/wp-json\/wp\/v2\/posts\/2171","targetHints":{"allow":["GET"]}}],"collection":[{"href":"https:\/\/polinno.art\/index.php\/wp-json\/wp\/v2\/posts"}],"about":[{"href":"https:\/\/polinno.art\/index.php\/wp-json\/wp\/v2\/types\/post"}],"author":[{"embeddable":true,"href":"https:\/\/polinno.art\/index.php\/wp-json\/wp\/v2\/users\/4"}],"replies":[{"embeddable":true,"href":"https:\/\/polinno.art\/index.php\/wp-json\/wp\/v2\/comments?post=2171"}],"version-history":[{"count":2,"href":"https:\/\/polinno.art\/index.php\/wp-json\/wp\/v2\/posts\/2171\/revisions"}],"predecessor-version":[{"id":2334,"href":"https:\/\/polinno.art\/index.php\/wp-json\/wp\/v2\/posts\/2171\/revisions\/2334"}],"wp:attachment":[{"href":"https:\/\/polinno.art\/index.php\/wp-json\/wp\/v2\/media?parent=2171"}],"wp:term":[{"taxonomy":"category","embeddable":true,"href":"https:\/\/polinno.art\/index.php\/wp-json\/wp\/v2\/categories?post=2171"},{"taxonomy":"post_tag","embeddable":true,"href":"https:\/\/polinno.art\/index.php\/wp-json\/wp\/v2\/tags?post=2171"}],"curies":[{"name":"wp","href":"https:\/\/api.w.org\/{rel}","templated":true}]}}